{"id":16246,"date":"2023-06-19T18:46:56","date_gmt":"2023-06-19T23:46:56","guid":{"rendered":"https:\/\/xn--huracnpolmicocancnquintanaroo-knc6wmu.com\/?p=16246"},"modified":"2023-06-19T23:46:58","modified_gmt":"2023-06-19T23:46:58","slug":"pasajes-desde-40-dolares-para-viajar-entre-quito-y-cancun","status":"publish","type":"post","link":"https:\/\/xn--huracnpolmicocancnquintanaroo-knc6wmu.com\/?p=16246","title":{"rendered":"Pasajes desde 40 d\u00f3lares para viajar entre Quito y Canc\u00fan"},"content":{"rendered":"<p>Desde este martes 20 de junio de 2023 se puede volar entre\u00a0<strong>Quito y Canc\u00fan<\/strong>\u00a0con pasajes que van desde los 40 d\u00f3lares, sin incluir impuestos. La aerol\u00ednea mexicana de bajo costo\u00a0<strong>Viva Aerobus comienza sus operaciones.\u00a0<\/strong><\/p>\n<p>Esta empresa\u00a0<strong>ofrece tres frecuencias a la semana.<\/strong>\u00a0De\u00a0<strong>Canc\u00fan a Quito<\/strong>\u00a0los vuelos son lunes, mi\u00e9rcoles y viernes. Mientras que los regresos ser\u00e1n los martes, jueves y s\u00e1bado.<\/p>\n<h2 id=\"h-las-aeronaves\">Las aeronaves<\/h2>\n<p>La ruta se opera con aeronaves\u00a0<strong>Airbus A320 y A31.<\/strong>\u00a0Estos aviones forman parte de la flota m\u00e1s joven de la aerol\u00ednea, explic\u00f3\u00a0<strong>Walfred Castro, gerente de comunicaci\u00f3n corporativa de Viva Aerobus.<\/strong><\/p>\n<p>Seg\u00fan \u00e9l, ofertan la tasa m\u00e1s baja del mercado para acceder a un vuelo a ese destino en un viaje sencillo. La propuesta de bajo costo es el resultado de los los modelos de negocio de la aerol\u00ednea, as\u00ed como de la reducci\u00f3n del impuesto\u00a0<strong>Eco Delta y Potencia Tur\u00edstica.\u00a0<\/strong><\/p>\n<p>Castro sostiene que est\u00e1 nueva ruta se caracterizar\u00e1 por tener precios bajos, aviones nuevos y una conectividad integral entre las dos ciudades. Adem\u00e1s, por su nivel de operaciones, los usuarios tienen acceso a conectividad entre Canc\u00fan y 18 destinos al interior de M\u00e9xico.<\/p>\n<h2>M\u00e9xico, un mercado en crecimiento<\/h2>\n<p>En junio de 2023 dos aerol\u00edneas abrieron la ruta directa\u00a0<strong>Quito-Canc\u00fan<\/strong>. Ese destino es uno de los m\u00e1s apetecidos para los ecuatorianos. Seg\u00fan la\u00a0<strong>Secretar\u00eda de Turismo de M\u00e9xico<\/strong>, Ecuador env\u00edo m\u00e1s de 17 000 turistas a ese pa\u00eds en el primer trimestre del 2023. Esa cifra represent\u00f3\u00a0<strong>un incremento del 56%<\/strong>\u00a0en comparaci\u00f3n con el mismo per\u00edodo del 2022.<\/p>\n<p>Desde M\u00e9xico llegaron a Quito m\u00e1s de 12 500 turistas, seg\u00fan\u00a0<strong>Cristina Rivadeneira, directora de Quito Turismo<\/strong>. La funcionaria mencion\u00f3 que esa empresa mantiene una campa\u00f1a constante de promoci\u00f3n de la ciudad en M\u00e9xico.<\/p>\n","protected":false},"excerpt":{"rendered":"<p>Desde este martes 20 de junio de 2023 se puede volar entre\u00a0Quito y Canc\u00fan\u00a0con pasajes&#8230;<\/p>\n","protected":false},"author":1,"featured_media":16248,"comment_status":"open","ping_status":"closed","sticky":false,"template":"","format":"standard","meta":{"footnotes":""},"categories":[2],"tags":[],"class_list":["post-16246","post","type-post","status-publish","format-standard","has-post-thumbnail","hentry","category-local"],"_links":{"self":[{"href":"https:\/\/xn--huracnpolmicocancnquintanaroo-knc6wmu.com\/index.php?rest_route=\/wp\/v2\/posts\/16246","targetHints":{"allow":["GET"]}}],"collection":[{"href":"https:\/\/xn--huracnpolmicocancnquintanaroo-knc6wmu.com\/index.php?rest_route=\/wp\/v2\/posts"}],"about":[{"href":"https:\/\/xn--huracnpolmicocancnquintanaroo-knc6wmu.com\/index.php?rest_route=\/wp\/v2\/types\/post"}],"author":[{"embeddable":true,"href":"https:\/\/xn--huracnpolmicocancnquintanaroo-knc6wmu.com\/index.php?rest_route=\/wp\/v2\/users\/1"}],"replies":[{"embeddable":true,"href":"https:\/\/xn--huracnpolmicocancnquintanaroo-knc6wmu.com\/index.php?rest_route=%2Fwp%2Fv2%2Fcomments&post=16246"}],"version-history":[{"count":1,"href":"https:\/\/xn--huracnpolmicocancnquintanaroo-knc6wmu.com\/index.php?rest_route=\/wp\/v2\/posts\/16246\/revisions"}],"predecessor-version":[{"id":16247,"href":"https:\/\/xn--huracnpolmicocancnquintanaroo-knc6wmu.com\/index.php?rest_route=\/wp\/v2\/posts\/16246\/revisions\/16247"}],"wp:featuredmedia":[{"embeddable":true,"href":"https:\/\/xn--huracnpolmicocancnquintanaroo-knc6wmu.com\/index.php?rest_route=\/wp\/v2\/media\/16248"}],"wp:attachment":[{"href":"https:\/\/xn--huracnpolmicocancnquintanaroo-knc6wmu.com\/index.php?rest_route=%2Fwp%2Fv2%2Fmedia&parent=16246"}],"wp:term":[{"taxonomy":"category","embeddable":true,"href":"https:\/\/xn--huracnpolmicocancnquintanaroo-knc6wmu.com\/index.php?rest_route=%2Fwp%2Fv2%2Fcategories&post=16246"},{"taxonomy":"post_tag","embeddable":true,"href":"https:\/\/xn--huracnpolmicocancnquintanaroo-knc6wmu.com\/index.php?rest_route=%2Fwp%2Fv2%2Ftags&post=16246"}],"curies":[{"name":"wp","href":"https:\/\/api.w.org\/{rel}","templated":true}]}}