{"id":16255,"date":"2023-06-19T21:13:58","date_gmt":"2023-06-20T02:13:58","guid":{"rendered":"https:\/\/xn--huracnpolmicocancnquintanaroo-knc6wmu.com\/?p=16255"},"modified":"2023-06-20T02:13:59","modified_gmt":"2023-06-20T02:13:59","slug":"seleccion-mexicana-de-taekwondo-realiza-concentracion-en-el-cedar-cancun","status":"publish","type":"post","link":"https:\/\/xn--huracnpolmicocancnquintanaroo-knc6wmu.com\/?p=16255","title":{"rendered":"Selecci\u00f3n Mexicana de taekwondo realiza concentraci\u00f3n en el CEDAR Canc\u00fan"},"content":{"rendered":"<p>&#8211; El equipo nacional en la categor\u00eda Cadete entren\u00f3 con el combinado quintanarroense, como parte de su preparaci\u00f3n rumbo al Mundial de la especialidad<\/p>\n<p>Como parte de su preparaci\u00f3n rumbo al Campeonato Mundial de Cadetes de Taekwondo 2023, la Selecci\u00f3n Mexicana de la especialidad y categor\u00eda, conformada por 29 artemarcialistas, realiz\u00f3 una concentraci\u00f3n teniendo como escenario el Centro Estatal Deportivo de Alto Rendimiento de Canc\u00fan (CEDAR Canc\u00fan), donde tambi\u00e9n sostuvieron un tope con el equipo de Quintana Roo, que se alista para los Nacionales CONADE 2023.<\/p>\n<p>\u201cEstamos muy contentos de recibir a un selectivo mexicano en Quintana Roo, porqu\u00e9 adem\u00e1s, este acercamiento tambi\u00e9n nos sirvi\u00f3 para crear lazos y que las y los deportistas del estado puedan toparse y convivir de cerca con atletas que ya cuentan con experiencia internacional, sin duda, fue una gran experiencia y que deja mucho aprendizaje\u201d, coment\u00f3 Eric Arcila Arjona, presidente de la Comisi\u00f3n para la Juventud y el Deporte de Quintana Roo (COJUDEQ).<\/p>\n<p>El equipo mexicano, encabezados por los entrenadores William Enrique de Le\u00f3n Molina y Sergio Heredia Velasco, realiz\u00f3 la primera concentraci\u00f3n de tres que tendr\u00e1n en diferentes puntos del pa\u00eds, teniendo como primera parada la ciudad de Canc\u00fan, donde trabajaron por lapso de cuatro d\u00edas, destacando que esta preparaci\u00f3n es con miras al Campeonato Mundial de la especialidad que se disputar\u00e1 del 28 al 31 de agosto en Bosnia y Herzegovina.<\/p>\n<p>\u201cEstamos muy agradecidos por el recibimiento que nos dio la COJUDEQ y su presidente Eric Arcila, para tener esta primera concentraci\u00f3n, ya que estamos trabajando con los campeones nacionales para armar el equipo que nos representar\u00e1 en el mundial; venir a esta ciudad fue porque el CEDAR Canc\u00fan ten\u00eda todas las condiciones adecuadas para poder entrenar y prepararnos\u201d, coment\u00f3 William de Le\u00f3n, entrenador del equipo mexicano de Cadetes.<\/p>\n<p>Durante este campamento, el equipo mexicano realiz\u00f3 unos topes con la Selecci\u00f3n de Quintana Roo de la especialidad, que tambi\u00e9n se mantiene en preparaci\u00f3n para competir en los Nacionales CONADE 2023 del 25 de junio al 4 de julio en Villahermosa.<\/p>\n<p>\u201cQuintana Roo es un estado que ha tenido un desarrollo importante en el taekwondo y lo vemos con uno de los m\u00e1ximos exponentes de nuestra disciplina como Carlos Sansores, que es quintanarroense, calificamos de productivo esta concentraci\u00f3n, porque igual convivimos con los deportistas del estado y creo que todo esto dejo mucho aprendizaje\u201d, coment\u00f3 William de Le\u00f3n.<\/p>\n<p>Cabe resaltar que dentro del equipo mexicano que entren\u00f3 en el CEDAR Canc\u00fan, estuvieron presentes los medallistas mundiales de Cadetes de la pasada edici\u00f3n 2022 realizado en Bulgaria: Shabnam Ali Baiz Ochoa que logr\u00f3 bronce en los menos de 44 kilos y Guillermo Cort\u00e9s Labastida, que fue oro en menos de 41 kil\u00f3gramos.<\/p>\n<p>Finalmente, adem\u00e1s de los entrenamientos realizados, como parte de sus actividades, el combinado nacional sostuvo un curso con el \u00e1rbitro ol\u00edmpico Jorge Reynoso.<\/p>\n","protected":false},"excerpt":{"rendered":"<p>&#8211; El equipo nacional en la categor\u00eda Cadete entren\u00f3 con el combinado quintanarroense, como parte&#8230;<\/p>\n","protected":false},"author":1,"featured_media":16257,"comment_status":"open","ping_status":"closed","sticky":false,"template":"","format":"standard","meta":{"footnotes":""},"categories":[2],"tags":[],"class_list":["post-16255","post","type-post","status-publish","format-standard","has-post-thumbnail","hentry","category-local"],"_links":{"self":[{"href":"https:\/\/xn--huracnpolmicocancnquintanaroo-knc6wmu.com\/index.php?rest_route=\/wp\/v2\/posts\/16255","targetHints":{"allow":["GET"]}}],"collection":[{"href":"https:\/\/xn--huracnpolmicocancnquintanaroo-knc6wmu.com\/index.php?rest_route=\/wp\/v2\/posts"}],"about":[{"href":"https:\/\/xn--huracnpolmicocancnquintanaroo-knc6wmu.com\/index.php?rest_route=\/wp\/v2\/types\/post"}],"author":[{"embeddable":true,"href":"https:\/\/xn--huracnpolmicocancnquintanaroo-knc6wmu.com\/index.php?rest_route=\/wp\/v2\/users\/1"}],"replies":[{"embeddable":true,"href":"https:\/\/xn--huracnpolmicocancnquintanaroo-knc6wmu.com\/index.php?rest_route=%2Fwp%2Fv2%2Fcomments&post=16255"}],"version-history":[{"count":1,"href":"https:\/\/xn--huracnpolmicocancnquintanaroo-knc6wmu.com\/index.php?rest_route=\/wp\/v2\/posts\/16255\/revisions"}],"predecessor-version":[{"id":16256,"href":"https:\/\/xn--huracnpolmicocancnquintanaroo-knc6wmu.com\/index.php?rest_route=\/wp\/v2\/posts\/16255\/revisions\/16256"}],"wp:featuredmedia":[{"embeddable":true,"href":"https:\/\/xn--huracnpolmicocancnquintanaroo-knc6wmu.com\/index.php?rest_route=\/wp\/v2\/media\/16257"}],"wp:attachment":[{"href":"https:\/\/xn--huracnpolmicocancnquintanaroo-knc6wmu.com\/index.php?rest_route=%2Fwp%2Fv2%2Fmedia&parent=16255"}],"wp:term":[{"taxonomy":"category","embeddable":true,"href":"https:\/\/xn--huracnpolmicocancnquintanaroo-knc6wmu.com\/index.php?rest_route=%2Fwp%2Fv2%2Fcategories&post=16255"},{"taxonomy":"post_tag","embeddable":true,"href":"https:\/\/xn--huracnpolmicocancnquintanaroo-knc6wmu.com\/index.php?rest_route=%2Fwp%2Fv2%2Ftags&post=16255"}],"curies":[{"name":"wp","href":"https:\/\/api.w.org\/{rel}","templated":true}]}}