{"id":16608,"date":"2023-06-27T21:50:21","date_gmt":"2023-06-28T02:50:21","guid":{"rendered":"https:\/\/xn--huracnpolmicocancnquintanaroo-knc6wmu.com\/?p=16608"},"modified":"2023-06-28T02:50:23","modified_gmt":"2023-06-28T02:50:23","slug":"logra-quintana-roo-una-presea-de-oro-en-taekwondo-en-los-nacionales-conade-2023","status":"publish","type":"post","link":"https:\/\/xn--huracnpolmicocancnquintanaroo-knc6wmu.com\/?p=16608","title":{"rendered":"Logra Quintana Roo una presea de oro en taekwondo en los Nacionales CONADE 2023"},"content":{"rendered":"<p>&#8211; El joven playense Jos\u00e9 de Jes\u00fas Bravo Ram\u00edrez se proclama campe\u00f3n en Combate, durante el segundo d\u00eda de actividades de la disciplina<\/p>\n<p>El oriundo de Playa del Carmen, Jos\u00e9 de Jes\u00fas Bravo Ram\u00edrez, se alz\u00f3 como campe\u00f3n de la categor\u00eda Infantil de menos de 39 kilos en la modalidad de Combate y con ello le dio a Quintana Roo una presea de oro durante el segundo d\u00eda de actividades de la disciplina de taekwondo en los Nacionales CONADE 2023, que se disputa en el Centro de Convenciones de Plaza Galer\u00edas Tabasco 2000 de Villahermosa.<\/p>\n<p>\u201cNuestra delegaci\u00f3n lleg\u00f3 a la medalla de oro n\u00famero 61, estamos muy felices por este resultado en taekwondo, todav\u00eda tenemos m\u00e1s oportunidades de preseas en lo que resta de la competencia, pero hasta el momento ha sido una destacada participaci\u00f3n de las y los deportistas quintanarroenses\u201d, coment\u00f3 Eric Arcila Arjona, presidente de la Comisi\u00f3n para la Juventud y el Deporte de Quintana Roo (COJUDE).<\/p>\n<p>El \u201cLobo\u201d, como tambi\u00e9n se le conoce al atleta, es oriundo del municipio de Solidaridad y entrena en la Academia \u201cAcademia F\u00e9nix Cheng Woo Hoi&#8221; de taekwondo, tuvo una gran participaci\u00f3n al dominar de principio al fin en cada una de sus pruebas, las cuales le sirvi\u00f3 para adjudicarse el oro en la m\u00e1xima justa nacional.<\/p>\n<p>Ya en la final de la categor\u00eda, el quintanarroense propuso el ataque desde el primer round y puso en complicaciones a Fidel Contreras de Baja California dejando el marcador en 7-0; para el segundo asalto, Jos\u00e9 sigui\u00f3 manteniendo el control del combate para adjudicarse el campeonato y el oro dejando el marcador en 8-1.<\/p>\n<p>Previamente, el playense super\u00f3 a Cristopher del Instituto Polit\u00e9cnico Nacional (IPN); luego derrot\u00f3 a Juli\u00e1n Dur\u00e1n de Puebla y en la antesala de la final, venci\u00f3 a Jorge Montoya de Guanajuato.<\/p>\n<p>En el segundo d\u00eda de competencias de esta disciplina, Quintana Roo particip\u00f3 con seis elementos; pero adem\u00e1s de la medalla de oro, tambi\u00e9n resalt\u00f3 Karim Arm\u00edn V\u00e1zquez, que sumo victoria, pero en la siguiente fase fue superado \u00b4por Abel Mu\u00f1oz de Tabasco.<\/p>\n<p>Tras dos d\u00edas de pruebas, el taekwondo quintanarroense ya suma tres medallas (un oro y dos bronces), adem\u00e1s con este resultado, en el medallero general la entidad ya suma 239 preseas, de las cuales son 61 de oro, 85 de plata y 93 de bronce.<\/p>\n<p>De acuerdo a la agenda, este mi\u00e9rcoles 28 de junio, continuar\u00e1 la acci\u00f3n del taekwondo, en donde Quintana Roo tiene programado competir con cuatro atletas.<\/p>\n","protected":false},"excerpt":{"rendered":"<p>&#8211; El joven playense Jos\u00e9 de Jes\u00fas Bravo Ram\u00edrez se proclama campe\u00f3n en Combate, durante&#8230;<\/p>\n","protected":false},"author":1,"featured_media":16610,"comment_status":"open","ping_status":"closed","sticky":false,"template":"","format":"standard","meta":{"footnotes":""},"categories":[2],"tags":[],"class_list":["post-16608","post","type-post","status-publish","format-standard","has-post-thumbnail","hentry","category-local"],"_links":{"self":[{"href":"https:\/\/xn--huracnpolmicocancnquintanaroo-knc6wmu.com\/index.php?rest_route=\/wp\/v2\/posts\/16608","targetHints":{"allow":["GET"]}}],"collection":[{"href":"https:\/\/xn--huracnpolmicocancnquintanaroo-knc6wmu.com\/index.php?rest_route=\/wp\/v2\/posts"}],"about":[{"href":"https:\/\/xn--huracnpolmicocancnquintanaroo-knc6wmu.com\/index.php?rest_route=\/wp\/v2\/types\/post"}],"author":[{"embeddable":true,"href":"https:\/\/xn--huracnpolmicocancnquintanaroo-knc6wmu.com\/index.php?rest_route=\/wp\/v2\/users\/1"}],"replies":[{"embeddable":true,"href":"https:\/\/xn--huracnpolmicocancnquintanaroo-knc6wmu.com\/index.php?rest_route=%2Fwp%2Fv2%2Fcomments&post=16608"}],"version-history":[{"count":1,"href":"https:\/\/xn--huracnpolmicocancnquintanaroo-knc6wmu.com\/index.php?rest_route=\/wp\/v2\/posts\/16608\/revisions"}],"predecessor-version":[{"id":16609,"href":"https:\/\/xn--huracnpolmicocancnquintanaroo-knc6wmu.com\/index.php?rest_route=\/wp\/v2\/posts\/16608\/revisions\/16609"}],"wp:featuredmedia":[{"embeddable":true,"href":"https:\/\/xn--huracnpolmicocancnquintanaroo-knc6wmu.com\/index.php?rest_route=\/wp\/v2\/media\/16610"}],"wp:attachment":[{"href":"https:\/\/xn--huracnpolmicocancnquintanaroo-knc6wmu.com\/index.php?rest_route=%2Fwp%2Fv2%2Fmedia&parent=16608"}],"wp:term":[{"taxonomy":"category","embeddable":true,"href":"https:\/\/xn--huracnpolmicocancnquintanaroo-knc6wmu.com\/index.php?rest_route=%2Fwp%2Fv2%2Fcategories&post=16608"},{"taxonomy":"post_tag","embeddable":true,"href":"https:\/\/xn--huracnpolmicocancnquintanaroo-knc6wmu.com\/index.php?rest_route=%2Fwp%2Fv2%2Ftags&post=16608"}],"curies":[{"name":"wp","href":"https:\/\/api.w.org\/{rel}","templated":true}]}}