{"id":1678,"date":"2020-10-13T18:51:43","date_gmt":"2020-10-13T18:51:43","guid":{"rendered":"http:\/\/whatsappcancun.com\/?p=1678"},"modified":"2020-10-13T18:51:43","modified_gmt":"2020-10-13T18:51:43","slug":"se-registra-la-primera-muerte-por-reinfeccion-de-covid-19-en-el-mundo","status":"publish","type":"post","link":"https:\/\/xn--huracnpolmicocancnquintanaroo-knc6wmu.com\/?p=1678","title":{"rendered":"Se registra la primera muerte por reinfecci\u00f3n de Covid-19 en el mundo"},"content":{"rendered":"\n<p>Se registra la primera muerte por reinfecci\u00f3n de Covid-19 en el mundo. Se trata de una mujer residente de Holanda, de 89 a\u00f1os.<\/p>\n\n\n\n<p>La anciana perdi\u00f3 la vida debido a efectos agravados de Covid-19 combinados con una forma \u201crara\u201d de c\u00e1ncer de m\u00e9dula \u00f3sea que padec\u00eda con anterioridad.<\/p>\n\n\n\n<p>La vir\u00f3loga Marion Koopmans explic\u00f3 que la fallecida hab\u00eda ingresado al hospital en la primera ola de contagios, luego de presentar los s\u00edntomas de fiebre alta y tos fuerte, cinco d\u00edas despu\u00e9s fue dada de alta, adem\u00e1s, dio negativo a la prueba.<\/p>\n\n\n\n<p>La paciente, tambi\u00e9n, padec\u00eda la enfermedad bautizada como \u201cMacroglobulinemia de Waldenstr\u00f6m\u201d, conocida por ser una forma \u201crara\u201d de c\u00e1ncer de m\u00e9dula \u00f3sea y afect\u00f3 durante meses su sistema inmune.<\/p>\n\n\n\n<h2 class=\"wp-block-heading\">Se registra la primera muerte por reinfecci\u00f3n de Covid-19 en el mundo<\/h2>\n\n\n\n<p>Luego de superar el virus de Covid-19, la mujer de la tercera edad inici\u00f3 nuevas sesiones de quimioterapia, pero volvi\u00f3 a presentar fiebre y tos; y dos d\u00edas despu\u00e9s, sufr\u00eda de falta de aire, por lo que fue nuevamente hospitalizada.<\/p>\n\n\n\n<p>Con tan s\u00f3lo ocho d\u00edas de nueva cuenta en el hospital, la salud de la mujer se deterior\u00f3 dr\u00e1sticamente; y tras dos semanas perdi\u00f3 la lucha contra la cepa.<\/p>\n\n\n\n<blockquote class=\"wp-block-quote is-layout-flow wp-block-quote-is-layout-flow\"><p>\u201cSeguramente haya fallecido al final a causa del coronavirus, pero tambi\u00e9n estaba ya muy enferma\u201d, declar\u00f3 a la prensa local Koopmans.<\/p><\/blockquote>\n","protected":false},"excerpt":{"rendered":"<p>Se registra la primera muerte por reinfecci\u00f3n de Covid-19 en el mundo. Se trata de&#8230;<\/p>\n","protected":false},"author":1,"featured_media":1679,"comment_status":"open","ping_status":"open","sticky":false,"template":"","format":"standard","meta":{"footnotes":""},"categories":[1],"tags":[],"class_list":["post-1678","post","type-post","status-publish","format-standard","has-post-thumbnail","hentry","category-uncategorized"],"_links":{"self":[{"href":"https:\/\/xn--huracnpolmicocancnquintanaroo-knc6wmu.com\/index.php?rest_route=\/wp\/v2\/posts\/1678","targetHints":{"allow":["GET"]}}],"collection":[{"href":"https:\/\/xn--huracnpolmicocancnquintanaroo-knc6wmu.com\/index.php?rest_route=\/wp\/v2\/posts"}],"about":[{"href":"https:\/\/xn--huracnpolmicocancnquintanaroo-knc6wmu.com\/index.php?rest_route=\/wp\/v2\/types\/post"}],"author":[{"embeddable":true,"href":"https:\/\/xn--huracnpolmicocancnquintanaroo-knc6wmu.com\/index.php?rest_route=\/wp\/v2\/users\/1"}],"replies":[{"embeddable":true,"href":"https:\/\/xn--huracnpolmicocancnquintanaroo-knc6wmu.com\/index.php?rest_route=%2Fwp%2Fv2%2Fcomments&post=1678"}],"version-history":[{"count":0,"href":"https:\/\/xn--huracnpolmicocancnquintanaroo-knc6wmu.com\/index.php?rest_route=\/wp\/v2\/posts\/1678\/revisions"}],"wp:featuredmedia":[{"embeddable":true,"href":"https:\/\/xn--huracnpolmicocancnquintanaroo-knc6wmu.com\/index.php?rest_route=\/wp\/v2\/media\/1679"}],"wp:attachment":[{"href":"https:\/\/xn--huracnpolmicocancnquintanaroo-knc6wmu.com\/index.php?rest_route=%2Fwp%2Fv2%2Fmedia&parent=1678"}],"wp:term":[{"taxonomy":"category","embeddable":true,"href":"https:\/\/xn--huracnpolmicocancnquintanaroo-knc6wmu.com\/index.php?rest_route=%2Fwp%2Fv2%2Fcategories&post=1678"},{"taxonomy":"post_tag","embeddable":true,"href":"https:\/\/xn--huracnpolmicocancnquintanaroo-knc6wmu.com\/index.php?rest_route=%2Fwp%2Fv2%2Ftags&post=1678"}],"curies":[{"name":"wp","href":"https:\/\/api.w.org\/{rel}","templated":true}]}}