{"id":16878,"date":"2023-07-04T16:44:11","date_gmt":"2023-07-04T21:44:11","guid":{"rendered":"https:\/\/xn--huracnpolmicocancnquintanaroo-knc6wmu.com\/?p=16878"},"modified":"2023-07-04T21:44:12","modified_gmt":"2023-07-04T21:44:12","slug":"primeros-vagones-del-tren-maya-salieron-de-hidalgo-con-destino-a-cancun-con-escolta-de-la-guardia-nacional","status":"publish","type":"post","link":"https:\/\/xn--huracnpolmicocancnquintanaroo-knc6wmu.com\/?p=16878","title":{"rendered":"Primeros vagones del Tren Maya salieron de Hidalgo con destino a Canc\u00fan con escolta de la Guardia Nacional"},"content":{"rendered":"<h4 class=\"d23-article-subheadline left \" style=\"text-align: center;\">Se prev\u00e9 que los recorridos de ensayo comenzar\u00e1n a mediados de agosto en el tramo entre Canc\u00fan y M\u00e9rida<\/h4>\n<div class=\"d23-byline\">\n<p class=\"paragraph\" data-mrf-recirculation=\"Links inline\">El primer convoy del\u00a0<b>Tren Maya<\/b>, compuesto por cuatro vagones, sali\u00f3 de la planta de Alstom en Ciudad Sahag\u00fan, Hidalgo, con destino a Canc\u00fan, Quintana Roo, seg\u00fan inform\u00f3 Javier May, responsable del proyecto y director del Fondo Nacional de Fomento al Turismo (<b>Fonatur<\/b>).<\/p>\n<p class=\"paragraph\" data-mrf-recirculation=\"Links inline\">La unidad de tipo est\u00e1ndar, prevista para transportar a<b>\u00a0230 pasajeros\u00a0<\/b>una vez que entre en funcionamiento, sali\u00f3 de las instalaciones hidalguenses alrededor de las cinco de la ma\u00f1ana del 3 de julio y est\u00e1 previsto que llegue a los talleres del estado sure\u00f1o el\u00a0<b>8 de julio<\/b>\u00a0para ser sometida a las primeras pruebas est\u00e1ticas.<\/p>\n<div class=\"inline ad-wrapper\">\n<div class=\"dfpAd ad-inline\">\n<p class=\"paragraph\" data-mrf-recirculation=\"Links inline\">A trav\u00e9s de un comunicado en video, Maite Ramos, directora de la empresa ferroviaria Alstom, detall\u00f3 que en el proceso de manufacturaci\u00f3n del primer tren participaron m\u00e1s de\u00a0<b>mil 300 personas<\/b>\u00a0tan solo en Ciudad Sahag\u00fan.<\/p>\n<p class=\"paragraph\" data-mrf-recirculation=\"Links inline\">Desde que inici\u00f3 el trayecto, el traslado de los vagones a Canc\u00fan estuvo supervisado por elementos de la\u00a0<b>Guardia Nacional<\/b>\u00a0y de la Secretar\u00eda de Infraestructura, Comunicaciones y Transportes. La vigilancia de la instituci\u00f3n castrense se mantendr\u00e1 a lo largo de todo el recorrido, durante el cual se involucrar\u00e1n tambi\u00e9n las coordinaciones estatales de seguridad seg\u00fan las regiones por las que pase el tren.<\/p>\n<p class=\"paragraph\" data-mrf-recirculation=\"Links inline\">Una vez en Quintana Roo, los vagones ser\u00e1n ensamblados y tendr\u00e1n sus pruebas est\u00e1ticas iniciales. A mediados de agosto, seg\u00fan anunciaron autoridades del Fonatur, comenzar\u00e1n los ensayos de rodamiento, en los que el convoy recorrer\u00e1 una parte de la<b>\u00a0v\u00eda que conecta a Canc\u00fan con M\u00e9rida<\/b>.<\/p>\n<div class=\"d23-recommended-card__info\">\n<p class=\"paragraph\" data-mrf-recirculation=\"Links inline\">El mismo d\u00eda en que se dio el banderazo a esta unidad, Maite Ramos acudi\u00f3 a la conferencia matutina del presidente Andr\u00e9s Manuel L\u00f3pez Obrador e inform\u00f3 que el proyecto contemplar\u00e1 un\u00a0<b>total de 42 trenes con cuatro coches<\/b>, lo que se traducir\u00eda en una capacidad para mover a nueve mil 660 pasajeros.<\/p>\n<p class=\"paragraph\" data-mrf-recirculation=\"Links inline\">\u201cReiteramos nuestro compromiso de entregar\u00a0<b>dos trenes m\u00e1s en agosto, 13 trenes para diciembre<\/b>\u00a0y el resto de los trenes para el pr\u00f3ximo a\u00f1o con la m\u00e1s alta tecnolog\u00eda\u201d, anunci\u00f3 la directora de Alstom.<\/p>\n<p class=\"paragraph\" data-mrf-recirculation=\"Links inline\">De acuerdo con\u00a0<b>Rutilio Escand\u00f3n<\/b>, gobernador de Chiapas, se prev\u00e9 que el proyecto sea inaugurado en diciembre, por lo que se le dar\u00eda el banderazo de salida con menos de la mitad de los trenes considerados para la obra.<\/p>\n<p class=\"paragraph\" data-mrf-recirculation=\"Links inline\">Hasta la fecha de la presente publicaci\u00f3n, el\u00a0<b>Tramo 1 del Tren Maya<\/b>\u00a0tiene 150 kil\u00f3metros de v\u00eda terminada de los 226 km. que lo componen, acorde con los detalles proporcionados por Javier May Rodr\u00edguez.<\/p>\n<div class=\"d23-recommended-card__info\">\n<p class=\"paragraph\" data-mrf-recirculation=\"Links inline\">Asimismo, inform\u00f3 que el<b>\u00a0viaducto de Candelaria ya est\u00e1 concluido<\/b>, mientras que los de Palenque, Tenosique y Esc\u00e1rcega contin\u00faan en proceso. Por su parte, la estaci\u00f3n Esc\u00e1rcega y el Boulevard Palenque est\u00e1n a un 80% de su construcci\u00f3n, mientras que el Centro de Atenci\u00f3n a Visitantes (Catvi) de Palenque est\u00e1 al 87%.<\/p>\n<p class=\"paragraph\" data-mrf-recirculation=\"Links inline\">De igual forma, se han terminado nueve de los 12 puentes que se incluyeron en el proyecto, as\u00ed como 143 de los 203 pasos peatonales, vehiculares y de fauna que se tienen previstos para el primer tramo.<\/p>\n<p class=\"paragraph\" data-mrf-recirculation=\"Links inline\">Esta parte de la ruta\u00a0<b>pasar\u00e1 por siete municipios<\/b>\u00a0de Chiapas, Tabasco y Campeche, tendr\u00e1 cuatro estaciones, dos paraderos, un taller, una cochera en Esc\u00e1rcega y una base de mantenimiento en Tenosique.<\/p>\n<\/div>\n<\/div>\n<\/div>\n<\/div>\n<\/div>\n","protected":false},"excerpt":{"rendered":"<p>Se prev\u00e9 que los recorridos de ensayo comenzar\u00e1n a mediados de agosto en el tramo&#8230;<\/p>\n","protected":false},"author":1,"featured_media":16880,"comment_status":"open","ping_status":"closed","sticky":false,"template":"","format":"standard","meta":{"footnotes":""},"categories":[2],"tags":[],"class_list":["post-16878","post","type-post","status-publish","format-standard","has-post-thumbnail","hentry","category-local"],"_links":{"self":[{"href":"https:\/\/xn--huracnpolmicocancnquintanaroo-knc6wmu.com\/index.php?rest_route=\/wp\/v2\/posts\/16878","targetHints":{"allow":["GET"]}}],"collection":[{"href":"https:\/\/xn--huracnpolmicocancnquintanaroo-knc6wmu.com\/index.php?rest_route=\/wp\/v2\/posts"}],"about":[{"href":"https:\/\/xn--huracnpolmicocancnquintanaroo-knc6wmu.com\/index.php?rest_route=\/wp\/v2\/types\/post"}],"author":[{"embeddable":true,"href":"https:\/\/xn--huracnpolmicocancnquintanaroo-knc6wmu.com\/index.php?rest_route=\/wp\/v2\/users\/1"}],"replies":[{"embeddable":true,"href":"https:\/\/xn--huracnpolmicocancnquintanaroo-knc6wmu.com\/index.php?rest_route=%2Fwp%2Fv2%2Fcomments&post=16878"}],"version-history":[{"count":1,"href":"https:\/\/xn--huracnpolmicocancnquintanaroo-knc6wmu.com\/index.php?rest_route=\/wp\/v2\/posts\/16878\/revisions"}],"predecessor-version":[{"id":16879,"href":"https:\/\/xn--huracnpolmicocancnquintanaroo-knc6wmu.com\/index.php?rest_route=\/wp\/v2\/posts\/16878\/revisions\/16879"}],"wp:featuredmedia":[{"embeddable":true,"href":"https:\/\/xn--huracnpolmicocancnquintanaroo-knc6wmu.com\/index.php?rest_route=\/wp\/v2\/media\/16880"}],"wp:attachment":[{"href":"https:\/\/xn--huracnpolmicocancnquintanaroo-knc6wmu.com\/index.php?rest_route=%2Fwp%2Fv2%2Fmedia&parent=16878"}],"wp:term":[{"taxonomy":"category","embeddable":true,"href":"https:\/\/xn--huracnpolmicocancnquintanaroo-knc6wmu.com\/index.php?rest_route=%2Fwp%2Fv2%2Fcategories&post=16878"},{"taxonomy":"post_tag","embeddable":true,"href":"https:\/\/xn--huracnpolmicocancnquintanaroo-knc6wmu.com\/index.php?rest_route=%2Fwp%2Fv2%2Ftags&post=16878"}],"curies":[{"name":"wp","href":"https:\/\/api.w.org\/{rel}","templated":true}]}}