{"id":16949,"date":"2023-07-06T16:08:43","date_gmt":"2023-07-06T21:08:43","guid":{"rendered":"https:\/\/xn--huracnpolmicocancnquintanaroo-knc6wmu.com\/?p=16949"},"modified":"2023-07-06T21:08:45","modified_gmt":"2023-07-06T21:08:45","slug":"playa-delfines-de-cancun-sera-convertida-en-area-natural-protegida","status":"publish","type":"post","link":"https:\/\/xn--huracnpolmicocancnquintanaroo-knc6wmu.com\/?p=16949","title":{"rendered":"Playa Delfines de Canc\u00fan ser\u00e1 convertida en \u00c1rea Natural Protegida"},"content":{"rendered":"<div class=\"jsx-3315747106 \">\n<p>La Secretar\u00eda de Medio Ambiente y Recursos Naturales (Semarnat) ha emitido un aviso p\u00fablico en el que se revela que la ic\u00f3nica Playa Delfines de Canc\u00fan, tambi\u00e9n conocida como El Mirador, se perfila para ser convertida en un \u00c1rea Natural Protegida.<\/p>\n<\/div>\n<div class=\"jsx-1921398030 newsbody\">\n<div class=\"jsx-670345696 share fixed\"><\/div>\n<div class=\"jsx-1921398030\">\n<div class=\"jsx-1020194127\">\n<p class=\"jsx-3954459878\"><strong>Playa Delfines<\/strong>, la ic\u00f3nica playa de\u00a0<strong>Canc\u00fan\u00a0<\/strong>tambi\u00e9n conocida como El Mirador,\u00a0se perfila para ser convertida en \u00c1rea Natural Protegida\u00a0(ANP), junto con los terrenos de San Buenaventura, a un costado del Malec\u00f3n Tajamar.<\/p>\n<p class=\"jsx-3954459878\">As\u00ed lo da a conocer la Secretar\u00eda de Medio Ambiente y Recursos Naturales (<strong>Semarnat<\/strong>) mediante un aviso p\u00fablico en el que se\u00f1ala que el pol\u00edgono a proteger abarca una superficie de 4<strong>.8 hect\u00e1reas<\/strong>\u00a0de esta famosa playa, a la cual se la dar\u00e1 el estatus de \u00c1rea de Protecci\u00f3n de Flora y Fauna.<\/p>\n<p class=\"jsx-3954459878\">De manera paralela, se anuncia tambi\u00e9n la intenci\u00f3n de proteger otras 37.9 hect\u00e1reas de \u00e1rea verde, bajo el car\u00e1cter de \u00c1rea de Protecci\u00f3n de Flora y Fauna correspondientes a los terrenos propiedad de Fonatur conocidos como San Buenaventura, que antiguamente fueron campamento chiclero, previo de la fundaci\u00f3n de Canc\u00fan.<\/p>\n<p class=\"jsx-3954459878\">El anuncio publicado en el\u00a0Diario Oficial de la Federaci\u00f3n\u00a0precisa que se abre un periodo de 30 d\u00edas h\u00e1biles para que los gobiernos de Quintana Roo y del municipio de Benito Ju\u00e1rez emitan sus opiniones respecto de esta medida.<\/p>\n<p class=\"jsx-3954459878\">El d\u00eda anterior, Semarnat public\u00f3 otro acuerdo en el que anuncia la creaci\u00f3n de otras dos nuevas \u00e1reas naturales protegidas en Quintana Roo, espec\u00edficamente en los municipios de\u00a0<strong>Cozumel\u00a0<\/strong>y\u00a0<strong>Benito Ju\u00e1rez<\/strong>.<\/p>\n<p class=\"jsx-3954459878\">Respecto de la que existe m\u00e1s informaci\u00f3n es el llamado<strong>\u00a0Cenote Aerolito<\/strong>, ubicado al oeste del municipio insular, el cual desde 2013 hab\u00eda sido identificado por la Universidad Nacional Aut\u00f3noma de M\u00e9xico\u00a0como un espacio de alto valor biol\u00f3gico. Se propone que la reserva abarque un total de 10.1 hect\u00e1reas.<\/p>\n<p class=\"jsx-3954459878\">Seg\u00fan la\u00a0<strong>UNAM<\/strong>, este cenote alberga<strong>\u00a023 especies de equinodermos<\/strong>, as\u00ed como nuevas familias de esponjas, y cuenta con presencia de casi todos los grupos de invertebrados marinos.<\/p>\n<p class=\"jsx-3954459878\">Hace una d\u00e9cada, cient\u00edficos de la UNAM hicieron un llamado para que fuese declarado zona protegida, al ser\u00a0<strong>un laboratorio natural<\/strong>\u00a0\u201cr\u00e9plica\u201d del mar a tres mil metros de profundidad, en completa oscuridad.<\/p>\n<p class=\"jsx-3954459878\">La otra propuesta es la declaratoria de la reserva Jacinto Pat, con el car\u00e1cter de \u00c1rea de Protecci\u00f3n de Flora y Fauna, con una extensi\u00f3n de 17.1 hect\u00e1reas, pero no se precisa la ubicaci\u00f3n exacta en el municipio Benito Ju\u00e1rez, seg\u00fan lo publicado en el Diario Oficial de la Federaci\u00f3n.<\/p>\n<div class=\"jsx-1020194127\">\n<p class=\"jsx-3954459878\">Los estudios para la declaratoria de ambas \u00e1reas naturales protegidas se encuentran a disposici\u00f3n del p\u00fablico en las oficinas de la Comisi\u00f3n Nacional de \u00c1reas Naturales Protegidas en Canc\u00fan, kil\u00f3metro 4 de la zona hotelera.<\/p>\n<\/div>\n<div class=\"jsx-148385675\"><\/div>\n<div class=\"jsx-317244180 jsx-1524344588 jsx-238915999 jsx-2334624270 jsx-771075758 jsx-2932945249 banner\">\n<div class=\"jsx-317244180 jsx-1524344588 jsx-238915999 jsx-2334624270 jsx-771075758 jsx-2932945249\">\n<p class=\"jsx-317244180 jsx-1524344588 jsx-238915999 jsx-2334624270 jsx-771075758 jsx-2932945249\">\n<\/div>\n<\/div>\n<\/div>\n<\/div>\n<\/div>\n","protected":false},"excerpt":{"rendered":"<p>La Secretar\u00eda de Medio Ambiente y Recursos Naturales (Semarnat) ha emitido un aviso p\u00fablico en&#8230;<\/p>\n","protected":false},"author":1,"featured_media":16951,"comment_status":"open","ping_status":"closed","sticky":false,"template":"","format":"standard","meta":{"footnotes":""},"categories":[2],"tags":[],"class_list":["post-16949","post","type-post","status-publish","format-standard","has-post-thumbnail","hentry","category-local"],"_links":{"self":[{"href":"https:\/\/xn--huracnpolmicocancnquintanaroo-knc6wmu.com\/index.php?rest_route=\/wp\/v2\/posts\/16949","targetHints":{"allow":["GET"]}}],"collection":[{"href":"https:\/\/xn--huracnpolmicocancnquintanaroo-knc6wmu.com\/index.php?rest_route=\/wp\/v2\/posts"}],"about":[{"href":"https:\/\/xn--huracnpolmicocancnquintanaroo-knc6wmu.com\/index.php?rest_route=\/wp\/v2\/types\/post"}],"author":[{"embeddable":true,"href":"https:\/\/xn--huracnpolmicocancnquintanaroo-knc6wmu.com\/index.php?rest_route=\/wp\/v2\/users\/1"}],"replies":[{"embeddable":true,"href":"https:\/\/xn--huracnpolmicocancnquintanaroo-knc6wmu.com\/index.php?rest_route=%2Fwp%2Fv2%2Fcomments&post=16949"}],"version-history":[{"count":1,"href":"https:\/\/xn--huracnpolmicocancnquintanaroo-knc6wmu.com\/index.php?rest_route=\/wp\/v2\/posts\/16949\/revisions"}],"predecessor-version":[{"id":16950,"href":"https:\/\/xn--huracnpolmicocancnquintanaroo-knc6wmu.com\/index.php?rest_route=\/wp\/v2\/posts\/16949\/revisions\/16950"}],"wp:featuredmedia":[{"embeddable":true,"href":"https:\/\/xn--huracnpolmicocancnquintanaroo-knc6wmu.com\/index.php?rest_route=\/wp\/v2\/media\/16951"}],"wp:attachment":[{"href":"https:\/\/xn--huracnpolmicocancnquintanaroo-knc6wmu.com\/index.php?rest_route=%2Fwp%2Fv2%2Fmedia&parent=16949"}],"wp:term":[{"taxonomy":"category","embeddable":true,"href":"https:\/\/xn--huracnpolmicocancnquintanaroo-knc6wmu.com\/index.php?rest_route=%2Fwp%2Fv2%2Fcategories&post=16949"},{"taxonomy":"post_tag","embeddable":true,"href":"https:\/\/xn--huracnpolmicocancnquintanaroo-knc6wmu.com\/index.php?rest_route=%2Fwp%2Fv2%2Ftags&post=16949"}],"curies":[{"name":"wp","href":"https:\/\/api.w.org\/{rel}","templated":true}]}}