{"id":17147,"date":"2023-07-13T16:13:06","date_gmt":"2023-07-13T21:13:06","guid":{"rendered":"https:\/\/xn--huracnpolmicocancnquintanaroo-knc6wmu.com\/?p=17147"},"modified":"2023-07-13T21:13:07","modified_gmt":"2023-07-13T21:13:07","slug":"temporada-de-verano-preven-arribo-de-primeros-vacacionistas-en-cancun","status":"publish","type":"post","link":"https:\/\/xn--huracnpolmicocancnquintanaroo-knc6wmu.com\/?p=17147","title":{"rendered":"Temporada de verano: prev\u00e9n arribo de primeros vacacionistas en Canc\u00fan"},"content":{"rendered":"<div>\n<div class=\"row m-b-15\">\n<div class=\"col-xs-12 col-sm-12 col-md-12 col-lg-12\">\n<h4 class=\"introduction\" style=\"text-align: center;\">Prev\u00e9n captar a los visitantes de Estados Unidos y nacionales a partir de este fin de semana.<\/h4>\n<\/div>\n<\/div>\n<\/div>\n<div class=\"row m-b-25\">\n<div class=\"col-xs-12 col-sm-12 col-md-12 col-lg-12 info-extra-new\">\n<p>A partir de este fin de semana se espera que\u00a0<strong>comiencen a llegar los primeros vacacionistas para dar inicio a la temporada de verano<\/strong>, sobre todo por parte del turismo nacional, ante el cierre anticipado de clases.<\/p>\n<p>Javier Aranda Pedrero, director del\u00a0<strong>Consejo de Promoci\u00f3n Tur\u00edstica de Quintana Roo<\/strong>, explic\u00f3 que desde junio lanzaron la campa\u00f1a de verano en el Caribe para captar a los visitantes principalmente de Estados Unidos y nacionales por lo que esperan una buena temporada que est\u00e1 en cifras alentadoras de 85% de ocupaci\u00f3n.<\/p>\n<p><em>\u201c<strong>Con el cierre de las clases anticipadas<\/strong>\u00a0estar\u00e1n llegando desde este fin de semana de diferentes partes del pa\u00eds, por lo que ya se espera que se vea un mayor movimiento de visitantes. Por ello desde el mes pasado se comenz\u00f3 con la promoci\u00f3n para de esta manera impulsar la llegada, adem\u00e1s de los vuelos provenientes desde destinos como Monterrey y Guadalajara que son por temporada hacia Cozumel\u201d, agreg\u00f3.<\/em><\/p>\n<p>De acuerdo con los reportes del CPTQ, Canc\u00fan se ubica en el segundo lugar como los destinos favoritos en las b\u00fasquedas de Google, el cual es encabezado por Londres; seguido de Canc\u00fan, M\u00e9xico; Par\u00eds, Orlando, Estados Unidos; Roma, Italia; y Nueva York, Estados Unidos.<\/p>\n<p>Por ello le han puesto mayor importancia a las\u00a0<strong>campa\u00f1as especializadas para poder atraer a los visitantes<\/strong>, que estar\u00e1n durante julio y agosto, donde se estima que lleguen 500 mil visitantes, de acuerdo con los reportes de la Secretar\u00eda de Turismo.<\/p>\n<p>Explic\u00f3 que, aunque est\u00e1n m\u00e1s enfocados al mercado nacional y de Estados Unidos, tambi\u00e9n est\u00e1n impulsando los mercados de Guatemala, Belice y Sudam\u00e9rica, en general.<\/p>\n<p>El sector hotelero\u00a0<strong>espera mantener ocupaciones de 80 a 85% durante estas semanas de verano<\/strong>, con algunos picos que alcanzar\u00e1n llenos totales.<\/p>\n<section id=\"limit-stiky-64af3a0776e89300135b0778\" class=\"row\">\n<div class=\"col-xs-112 col-sm-10 col-md-10 col-lg-10\">\n<div class=\"row content-news-data-64af3a0776e89300135b0778\">\n<div class=\"col-xs-12 col-sm-12 col-md-12 col-lg-12 cuerpo-nota\">\n<p>El a\u00f1o pasado, las ocupaciones durante julio cerr\u00f3 en 84%, en lo que respecta a Canc\u00fan y Puerto Morelos, mientras que la Riviera Maya fue de 80.8%. El destino con la menor ocupaci\u00f3n fue Chetumal que cerr\u00f3 ese mes del a\u00f1o pasado en 46.9%.<\/p>\n<\/div>\n<\/div>\n<\/div>\n<\/section>\n<section class=\"row\">\n<div class=\"col-xs-4 col-sm-14 col-md-4 col-lg-4\">\n<div class=\"btn-seguinos-gnews\"><\/div>\n<\/div>\n<\/section>\n<\/div>\n<\/div>\n","protected":false},"excerpt":{"rendered":"<p>Prev\u00e9n captar a los visitantes de Estados Unidos y nacionales a partir de este fin&#8230;<\/p>\n","protected":false},"author":1,"featured_media":17149,"comment_status":"open","ping_status":"closed","sticky":false,"template":"","format":"standard","meta":{"footnotes":""},"categories":[2],"tags":[],"class_list":["post-17147","post","type-post","status-publish","format-standard","has-post-thumbnail","hentry","category-local"],"_links":{"self":[{"href":"https:\/\/xn--huracnpolmicocancnquintanaroo-knc6wmu.com\/index.php?rest_route=\/wp\/v2\/posts\/17147","targetHints":{"allow":["GET"]}}],"collection":[{"href":"https:\/\/xn--huracnpolmicocancnquintanaroo-knc6wmu.com\/index.php?rest_route=\/wp\/v2\/posts"}],"about":[{"href":"https:\/\/xn--huracnpolmicocancnquintanaroo-knc6wmu.com\/index.php?rest_route=\/wp\/v2\/types\/post"}],"author":[{"embeddable":true,"href":"https:\/\/xn--huracnpolmicocancnquintanaroo-knc6wmu.com\/index.php?rest_route=\/wp\/v2\/users\/1"}],"replies":[{"embeddable":true,"href":"https:\/\/xn--huracnpolmicocancnquintanaroo-knc6wmu.com\/index.php?rest_route=%2Fwp%2Fv2%2Fcomments&post=17147"}],"version-history":[{"count":1,"href":"https:\/\/xn--huracnpolmicocancnquintanaroo-knc6wmu.com\/index.php?rest_route=\/wp\/v2\/posts\/17147\/revisions"}],"predecessor-version":[{"id":17148,"href":"https:\/\/xn--huracnpolmicocancnquintanaroo-knc6wmu.com\/index.php?rest_route=\/wp\/v2\/posts\/17147\/revisions\/17148"}],"wp:featuredmedia":[{"embeddable":true,"href":"https:\/\/xn--huracnpolmicocancnquintanaroo-knc6wmu.com\/index.php?rest_route=\/wp\/v2\/media\/17149"}],"wp:attachment":[{"href":"https:\/\/xn--huracnpolmicocancnquintanaroo-knc6wmu.com\/index.php?rest_route=%2Fwp%2Fv2%2Fmedia&parent=17147"}],"wp:term":[{"taxonomy":"category","embeddable":true,"href":"https:\/\/xn--huracnpolmicocancnquintanaroo-knc6wmu.com\/index.php?rest_route=%2Fwp%2Fv2%2Fcategories&post=17147"},{"taxonomy":"post_tag","embeddable":true,"href":"https:\/\/xn--huracnpolmicocancnquintanaroo-knc6wmu.com\/index.php?rest_route=%2Fwp%2Fv2%2Ftags&post=17147"}],"curies":[{"name":"wp","href":"https:\/\/api.w.org\/{rel}","templated":true}]}}