{"id":17201,"date":"2023-07-15T07:47:54","date_gmt":"2023-07-15T12:47:54","guid":{"rendered":"https:\/\/xn--huracnpolmicocancnquintanaroo-knc6wmu.com\/?p=17201"},"modified":"2023-07-15T12:47:56","modified_gmt":"2023-07-15T12:47:56","slug":"cancun-resolucion-por-caso-de-tortura-contra-hugo-karam-se-aplaza","status":"publish","type":"post","link":"https:\/\/xn--huracnpolmicocancnquintanaroo-knc6wmu.com\/?p=17201","title":{"rendered":"Canc\u00fan: Resoluci\u00f3n por caso de tortura contra Hugo Karam se aplaza"},"content":{"rendered":"<div>\n<div class=\"row m-b-15\">\n<div class=\"col-xs-12 col-sm-12 col-md-12 col-lg-12\">\n<h4 class=\"introduction\" style=\"text-align: center;\">En caso de que se dicte auto de formal prisi\u00f3n el pr\u00f3ximo mi\u00e9rcoles al acusado, este tiene derecho a la apelaci\u00f3n y al amparo,<\/h4>\n<\/div>\n<\/div>\n<\/div>\n<div class=\"row m-b-25\">\n<div class=\"col-xs-12 col-sm-12 col-md-12 col-lg-12 info-extra-new\">\n<p>La declaraci\u00f3n preparatoria realizada este viernes contra\u00a0<strong>Hugo Adolfo Karam<\/strong>, exdirector de la Polic\u00eda Judicial de Puebla, por el caso de tortura contra la\u00a0<strong>periodista Lydia Cacho<\/strong>, termin\u00f3 con la extensi\u00f3n de la resoluci\u00f3n para el pr\u00f3ximo mi\u00e9rcoles.<\/p>\n<p>Araceli Andrade Tolama, abogada especialista en atenci\u00f3n a v\u00edctimas, penal y familiar, declar\u00f3 que esto se debi\u00f3 a que el acusado solicit\u00f3 una ampliaci\u00f3n de plazo constitucional, para que el mencionado d\u00eda a m\u00e1s tardar a las 19:00 horas, se determine si se le dicta auto de formal prisi\u00f3n o se deja en libertad por falta de elementos.<\/p>\n<blockquote><p>\u201cLo que se va a dictar el d\u00eda mi\u00e9rcoles a m\u00e1s tardar a las 19 horas es si entra o no en un juicio. El juicio puede tardar de dos a tres a\u00f1os, es lo que duran normalmente, por la carga de trabajo de los Juzgados, son muy altas, y los tiempos se alargan una y otra vez\u201d, dijo.<\/p><\/blockquote>\n<div id=\"div-gpt-ad-inread-64b205b376e89300135b08c9\" data-name=\"inread\" data-size=\"[[336,250], [300,250]]\" data-google-query-id=\"CKis8Z_fkIADFYlqhwodqqoMzw\">\n<p>Asimismo, la entrevistada mencion\u00f3 que en caso de que se dicte auto de formal prisi\u00f3n el pr\u00f3ximo mi\u00e9rcoles, el acusado tiene\u00a0<strong>derecho a la apelaci\u00f3n y al amparo,\u00a0<\/strong>lo cual puede atrasar m\u00e1s el proceso.<\/p>\n<div class=\"google-auto-placed ap_container\">\n<p>A\u00fan as\u00ed, con la detenci\u00f3n de\u00a0<strong>Hugo Adolfo Karam<\/strong>\u00a0se completan las \u00f3rdenes de aprehensi\u00f3n de los autores del caso de tortura a Lydia Cacho, y en caso de que sea declarado culpable se le pueden dictar hasta\u00a0<strong>seis a\u00f1os de c\u00e1rcel.<\/strong><\/p>\n<div class=\"media-caption\">\n<p>Cabe se\u00f1alar que Hugo Karam estuvo pr\u00f3fugo desde\u00a0<strong>abril del 2019<\/strong>\u00a0por ser el autor material de m\u00e1s alto rango que materializ\u00f3 las \u00f3rdenes para detener\u00a0<strong>ilegalmente y torturar<\/strong> a Lydia Cacho en 2005.<\/p>\n<p>\u201cLo detuvieron hace un d\u00eda (el jueves) en Veracruz, lo trasladaron, lleg\u00f3 en la noche, y lo certificaron de salud, est\u00e1 bien, porque lo detuvieron en una persecuci\u00f3n en tr\u00e1nsito. Llevamos 19 a\u00f1os con este proceso\u201d, dijo.<\/p>\n<p>La abogada dijo que durante la audiencia no se presentaron elementos adicionales en el caso, pero para el d\u00eda de la resoluci\u00f3n se pueden agregar m\u00e1s elementos.<\/p>\n<p>\u201cAleg\u00f3 que estuvo incomunicado y aleg\u00f3 que ese es un acto de tortura, durante 24 horas que no estuvo presente su defensor, pero estamos hablando que el se\u00f1or fue detenido en Boca del R\u00edo, Veracruz, fue llevado a la fiscal\u00eda, fue llevado con el m\u00e9dico, y trasladado, y obviamente en ese tiempo no se le permite tener\u00a0<strong>acceso a un tel\u00e9fono<\/strong>\u201d, coment\u00f3.<\/p>\n<p>La abogada agreg\u00f3 que con esa solicitud la delegaci\u00f3n de la\u00a0<strong>Fiscal\u00eda General de la Rep\u00fablica<\/strong>\u00a0(FGR) en\u00a0<strong>Quintana Roo<\/strong>, est\u00e1 obligada a abrir una carpeta de investigaci\u00f3n de estos hechos.<\/p>\n<div id=\"div-gpt-ad-inread-3-64b205b376e89300135b08c9\" data-name=\"inread\" data-size=\"[[336,250], [300,250]]\" data-google-query-id=\"CObgqZ_fkIADFRFlhwodyE8Lgw\">\n<div id=\"google_ads_iframe_\/4334274\/inread_2__container__\"><\/div>\n<\/div>\n<p>Finalmente, tras esta detenci\u00f3n solo falta detener a Jes\u00fas P\u00e9rez Vargas, agente ministerial de Puebla que se\u00f1alan pr\u00f3fugo desde hace\u00a0<strong>ocho a\u00f1os e involucrado\u00a0<\/strong>en el caso.<\/p>\n<\/div>\n<\/div>\n<\/div>\n<\/div>\n<\/div>\n","protected":false},"excerpt":{"rendered":"<p>En caso de que se dicte auto de formal prisi\u00f3n el pr\u00f3ximo mi\u00e9rcoles al acusado,&#8230;<\/p>\n","protected":false},"author":1,"featured_media":17203,"comment_status":"open","ping_status":"closed","sticky":false,"template":"","format":"standard","meta":{"footnotes":""},"categories":[2],"tags":[],"class_list":["post-17201","post","type-post","status-publish","format-standard","has-post-thumbnail","hentry","category-local"],"_links":{"self":[{"href":"https:\/\/xn--huracnpolmicocancnquintanaroo-knc6wmu.com\/index.php?rest_route=\/wp\/v2\/posts\/17201","targetHints":{"allow":["GET"]}}],"collection":[{"href":"https:\/\/xn--huracnpolmicocancnquintanaroo-knc6wmu.com\/index.php?rest_route=\/wp\/v2\/posts"}],"about":[{"href":"https:\/\/xn--huracnpolmicocancnquintanaroo-knc6wmu.com\/index.php?rest_route=\/wp\/v2\/types\/post"}],"author":[{"embeddable":true,"href":"https:\/\/xn--huracnpolmicocancnquintanaroo-knc6wmu.com\/index.php?rest_route=\/wp\/v2\/users\/1"}],"replies":[{"embeddable":true,"href":"https:\/\/xn--huracnpolmicocancnquintanaroo-knc6wmu.com\/index.php?rest_route=%2Fwp%2Fv2%2Fcomments&post=17201"}],"version-history":[{"count":1,"href":"https:\/\/xn--huracnpolmicocancnquintanaroo-knc6wmu.com\/index.php?rest_route=\/wp\/v2\/posts\/17201\/revisions"}],"predecessor-version":[{"id":17202,"href":"https:\/\/xn--huracnpolmicocancnquintanaroo-knc6wmu.com\/index.php?rest_route=\/wp\/v2\/posts\/17201\/revisions\/17202"}],"wp:featuredmedia":[{"embeddable":true,"href":"https:\/\/xn--huracnpolmicocancnquintanaroo-knc6wmu.com\/index.php?rest_route=\/wp\/v2\/media\/17203"}],"wp:attachment":[{"href":"https:\/\/xn--huracnpolmicocancnquintanaroo-knc6wmu.com\/index.php?rest_route=%2Fwp%2Fv2%2Fmedia&parent=17201"}],"wp:term":[{"taxonomy":"category","embeddable":true,"href":"https:\/\/xn--huracnpolmicocancnquintanaroo-knc6wmu.com\/index.php?rest_route=%2Fwp%2Fv2%2Fcategories&post=17201"},{"taxonomy":"post_tag","embeddable":true,"href":"https:\/\/xn--huracnpolmicocancnquintanaroo-knc6wmu.com\/index.php?rest_route=%2Fwp%2Fv2%2Ftags&post=17201"}],"curies":[{"name":"wp","href":"https:\/\/api.w.org\/{rel}","templated":true}]}}