{"id":17279,"date":"2023-07-17T16:37:09","date_gmt":"2023-07-17T21:37:09","guid":{"rendered":"https:\/\/xn--huracnpolmicocancnquintanaroo-knc6wmu.com\/?p=17279"},"modified":"2023-07-17T21:37:10","modified_gmt":"2023-07-17T21:37:10","slug":"primeros-vagones-del-tren-maya-inician-pruebas-en-cancun","status":"publish","type":"post","link":"https:\/\/xn--huracnpolmicocancnquintanaroo-knc6wmu.com\/?p=17279","title":{"rendered":"Primeros vagones del Tren Maya inician pruebas en Canc\u00fan"},"content":{"rendered":"<h4 style=\"text-align: center;\">Los primeros cuatro vagones ya fueron ensamblados y se encuentran en el taller y cochera de Canc\u00fan, donde ya comenzaron pruebas est\u00e1ticas.<\/h4>\n<address>\n<div>\n<p>Los cuatro vagones del primer veh\u00edculo del\u00a0<strong>Tren Maya<\/strong>\u00a0ya fueron ensamblados y ya comenzaron las primeras pruebas para verificar su correcto funcionamiento, inform\u00f3\u00a0<strong>Javier May<\/strong>, director general del<strong>\u00a0Fondo Natural de Fomento al Turismo (Fonatur).<\/strong><\/p>\n<\/div>\n<div>\n<p>\u201cEn el taller y cochera de\u00a0<strong>Canc\u00fan<\/strong>\u00a0ya fueron ensamblados los cuatro vagones del primer\u00a0tren\u201d, declar\u00f3 este lunes durante la conferencia de prensa matutina del<strong>\u00a0presidente Andr\u00e9s Manuel L\u00f3pez Obrador.\u00a0<\/strong><\/p>\n<div>\n<p>El funcionario tambi\u00e9n dio a conocer que ya iniciaron las pruebas est\u00e1ticas, las cuales tienen que ver con el control de puertas, calefacci\u00f3n, ventilaci\u00f3n, iluminaci\u00f3n, entre otras.<\/p>\n<\/div>\n<div>\n<div>\n<p>Custodiado por agentes de la<strong>\u00a0Guardia Nacional,<\/strong>\u00a0el primer vag\u00f3n del Tren Maya lleg\u00f3 a inicios de julio a\u00a0<strong>Canc\u00fan<\/strong>,\u00a0Quintana Roo. Forma parte de un convoy de cuatro vagones que desde el 3 de julio partieron de la planta de la firma\u00a0<strong>Alstom<\/strong>\u00a0en\u00a0<strong>Ciudad Sahag\u00fan<\/strong>,\u00a0en\u00a0<strong>Hidalgo.<\/strong><\/p>\n<\/div>\n<div>\n<div id=\"div-gpt-ad-ddnotamexicoZA_box_b\" data-google-query-id=\"CL6VmrXZloADFUW7hgodo90LzA\">\n<div>\n<p>El Tren Maya abarca los estados de\u00a0<strong>Chiapas, Tabasco, Campeche, Yucat\u00e1n y Quintana Roo,<\/strong>\u00a0donde se planea construir una ruta de\u00a0 mil 554 kil\u00f3metros de v\u00eda f\u00e9rrea.<\/p>\n<\/div>\n<div>\n<p>Es uno de los megaproyectos del\u00a0presidente Andr\u00e9s Manuel L\u00f3pez Obrador,\u00a0con el que busca potenciar el desarrollo en el sureste mexicano, mientras que\u00a0organizaciones nacionales e internacionales han manifestado su preocupaci\u00f3n\u00a0por el posible impacto negativo a los derechos humanos de los pueblos ind\u00edgenas mexicanos y en el medioambiente de la zona.<\/p>\n<div>\n<p>Este martes, Javier May tambi\u00e9n dio a conocer que el tramo 3 lleva un avance de 152 kil\u00f3metros de v\u00eda terminada, pero a\u00fan faltan 7 kil\u00f3metros para concluirlo en su totalidad<\/p>\n<\/div>\n<div>\n<p>Adem\u00e1s, ya se realizaron el 100% de pasos generales, obras generales y pasos de faunas, mientras que ya se construyeron 90% de pasos vehiculares y 95% de viaductos.<\/p>\n<\/div>\n<div>\n<p>Record\u00f3 que dicho tramo estar\u00e1 conformado por 159 kil\u00f3metros de v\u00eda de\u00a0<strong>Calkinik<\/strong>\u00a0a\u00a0<strong>Izamal,<\/strong>\u00a012 estaciones, 4 paraderos, una cochera y base de mantenimiento en estaci\u00f3n de Tella, dos centros de atenci\u00f3n a visitantes (Uxmal y\u00a0<strong>Dzibilchalt\u00fan),<\/strong>\u00a0y el hotel tren maya en nuevo\u00a0<strong>Uxmal.<\/strong><\/p>\n<\/div>\n<\/div>\n<\/div>\n<\/div>\n<\/div>\n<\/div>\n<\/address>\n","protected":false},"excerpt":{"rendered":"<p>Los primeros cuatro vagones ya fueron ensamblados y se encuentran en el taller y cochera&#8230;<\/p>\n","protected":false},"author":1,"featured_media":17281,"comment_status":"open","ping_status":"closed","sticky":false,"template":"","format":"standard","meta":{"footnotes":""},"categories":[2],"tags":[],"class_list":["post-17279","post","type-post","status-publish","format-standard","has-post-thumbnail","hentry","category-local"],"_links":{"self":[{"href":"https:\/\/xn--huracnpolmicocancnquintanaroo-knc6wmu.com\/index.php?rest_route=\/wp\/v2\/posts\/17279","targetHints":{"allow":["GET"]}}],"collection":[{"href":"https:\/\/xn--huracnpolmicocancnquintanaroo-knc6wmu.com\/index.php?rest_route=\/wp\/v2\/posts"}],"about":[{"href":"https:\/\/xn--huracnpolmicocancnquintanaroo-knc6wmu.com\/index.php?rest_route=\/wp\/v2\/types\/post"}],"author":[{"embeddable":true,"href":"https:\/\/xn--huracnpolmicocancnquintanaroo-knc6wmu.com\/index.php?rest_route=\/wp\/v2\/users\/1"}],"replies":[{"embeddable":true,"href":"https:\/\/xn--huracnpolmicocancnquintanaroo-knc6wmu.com\/index.php?rest_route=%2Fwp%2Fv2%2Fcomments&post=17279"}],"version-history":[{"count":1,"href":"https:\/\/xn--huracnpolmicocancnquintanaroo-knc6wmu.com\/index.php?rest_route=\/wp\/v2\/posts\/17279\/revisions"}],"predecessor-version":[{"id":17280,"href":"https:\/\/xn--huracnpolmicocancnquintanaroo-knc6wmu.com\/index.php?rest_route=\/wp\/v2\/posts\/17279\/revisions\/17280"}],"wp:featuredmedia":[{"embeddable":true,"href":"https:\/\/xn--huracnpolmicocancnquintanaroo-knc6wmu.com\/index.php?rest_route=\/wp\/v2\/media\/17281"}],"wp:attachment":[{"href":"https:\/\/xn--huracnpolmicocancnquintanaroo-knc6wmu.com\/index.php?rest_route=%2Fwp%2Fv2%2Fmedia&parent=17279"}],"wp:term":[{"taxonomy":"category","embeddable":true,"href":"https:\/\/xn--huracnpolmicocancnquintanaroo-knc6wmu.com\/index.php?rest_route=%2Fwp%2Fv2%2Fcategories&post=17279"},{"taxonomy":"post_tag","embeddable":true,"href":"https:\/\/xn--huracnpolmicocancnquintanaroo-knc6wmu.com\/index.php?rest_route=%2Fwp%2Fv2%2Ftags&post=17279"}],"curies":[{"name":"wp","href":"https:\/\/api.w.org\/{rel}","templated":true}]}}