{"id":17303,"date":"2023-07-18T15:54:36","date_gmt":"2023-07-18T20:54:36","guid":{"rendered":"https:\/\/xn--huracnpolmicocancnquintanaroo-knc6wmu.com\/?p=17303"},"modified":"2023-07-18T20:54:38","modified_gmt":"2023-07-18T20:54:38","slug":"anuncia-ana-paty-peralta-eventos-internacionales-de-turismo-con-sede-en-cancun","status":"publish","type":"post","link":"https:\/\/xn--huracnpolmicocancnquintanaroo-knc6wmu.com\/?p=17303","title":{"rendered":"ANUNCIA ANA PATY PERALTA EVENTOS INTERNACIONALES DE TURISMO CON SEDE EN CANC\u00daN"},"content":{"rendered":"<p style=\"font-weight: 400;\">\u00a0\u00a0Anuncia dos pr\u00f3ximos eventos: \u201cCanc\u00fan World Fest 2023. Descubre el mundo en un solo lugar\u201d, a finales de septiembre y la primer Cumbre Iberoamericana de Turismo Sostenible, para el 2024<\/p>\n<p style=\"font-weight: 400;\">\n<ul>\n<li style=\"font-weight: 400;\">La Presidenta Municipal inaugura el XV Congreso de Turismo \u201cInversiones sostenibles, momento de soluciones innovadoras e incluyentes\u201d, realizado por la Universidad Tecnol\u00f3gica de Canc\u00fan<\/li>\n<\/ul>\n<p style=\"font-weight: 400;\">\n<p style=\"font-weight: 400;\"><b><strong>Canc\u00fan, Q. R., a 18 de julio de 2023.-<\/strong><\/b>\u00a0Canc\u00fan sigue considerado entre los 10 m\u00e1s importantes destinos preferidos por los turistas a nivel mundial y por ello, ser\u00e1 sede de dos grandes eventos para esta rama econ\u00f3mica, resalt\u00f3 la Presidenta Municipal, Ana Paty Peralta, al inaugurar el XV Congreso de Turismo \u201cInversiones sostenibles, momento de soluciones innovadoras e incluyentes\u201d, que se lleva a cabo en la ciudad este 18 y 19 de julio.<\/p>\n<p style=\"font-weight: 400;\">\n<p style=\"font-weight: 400;\">\u201cTenemos una conexi\u00f3n con 124 lugares del mundo; el primer semestre movilizamos ya a m\u00e1s de 16 millones de pasajeros y se han abierto ocho nuevas rutas, seguimos teniendo una alta oferta, por eso mantenemos una ocupaci\u00f3n hotelera promedio de 80 por ciento y en temporadas altas como diciembre, llegamos a un 90 o hasta 100 por ciento\u201d, resalt\u00f3.<\/p>\n<p style=\"font-weight: 400;\">\n<p style=\"font-weight: 400;\">Arropada por los cientos de universitarios quienes se dieron cita en este evento organizado por alumnos de quinto cuatrimestre de la Divisi\u00f3n de Turismo de la Universidad Tecnol\u00f3gica de Canc\u00fan, Ana Paty Peralta dio a conocer que por medio de la Secretar\u00eda de Turismo, se programa para el primer trimestre del 2024, la primer Cumbre Iberoamericana de Turismo Sostenible, trabajando de la mano con la Federaci\u00f3n Iberoamericana de J\u00f3venes Empresarios (FIJE), en Espa\u00f1a.<\/p>\n<p style=\"font-weight: 400;\">\n<p style=\"font-weight: 400;\">Con motivo del D\u00eda Internacional del Turismo que se conmemora cada 27 de septiembre, indic\u00f3 que se llevar\u00e1 a cabo a finales de dicho mes e inicios de octubre, el \u201cCanc\u00fan World Fest 2023. Descubre el mundo en un solo lugar\u201d, la primer feria en su tipo en la que se espera la participaci\u00f3n de m\u00e1s de 40 pa\u00edses a trav\u00e9s de sus embajadas y que tendr\u00e1 muestras gastron\u00f3micas y culturales, adem\u00e1s de intercambio de informaci\u00f3n para atraer m\u00e1s eventos en materia de diversificaci\u00f3n tur\u00edstica a este lugar.<\/p>\n<p style=\"font-weight: 400;\">\n<p style=\"font-weight: 400;\">\u201cEste XV congreso que nos une representa una gran oportunidad de conocer, escuchar y compartir experiencias, proyectos y estrategias que estamos realizando desde todos los frentes, para fortalecer nuestro liderazgo de clase mundial e impulsar esta gran industria que es el motor de nuestra econom\u00eda, la fuente de empleos y el sustento para miles de cancunenses que se encuentran trabajando en restaurantes, parques tem\u00e1ticos, comercios, transporte y en toda la cadena de servicios del ramo\u201d, concluy\u00f3.<\/p>\n<p style=\"font-weight: 400;\">\n<p style=\"font-weight: 400;\">Por otro lado, en presencia del subsecretario de Promoci\u00f3n y Operaci\u00f3n Tur\u00edstica, de la Secretar\u00eda de Turismo de Quintana Roo, Andr\u00e9s Gerardo Aguilar Becerril, el rector de la casa de estudios, Enrique Arturo Ba\u00f1os Abedun de Lima, reiter\u00f3 que el XV Congreso de Turismo est\u00e1 dirigido por y para la comunidad universitaria, a fin de impulsar el desarrollo profesional de los estudiantes en especial de esta \u00e1rea, adem\u00e1s con el objetivo particular de reconocer la fortaleza de la entidad como un destino tur\u00edstico para identificar los retos de esa actividad econ\u00f3mica y dar a conocer las tendencias en el sector como las inversiones sostenibles, la rentabilidad, la responsabilidad social y sustentabilidad.<\/p>\n<p style=\"font-weight: 400;\">\n<p style=\"font-weight: 400;\"><b><strong>************<\/strong><\/b><\/p>\n<p style=\"font-weight: 400;\"><b><strong>COMPLEMENTOS INFORMATIVOS<\/strong><\/b><\/p>\n<p style=\"font-weight: 400;\"><b><strong>\u00a0<\/strong><\/b><\/p>\n<p style=\"font-weight: 400;\"><b><strong>NUMERARIAS:<\/strong><\/b><\/p>\n<p style=\"font-weight: 400;\">\n<p style=\"font-weight: 400;\">Datos de la UT Canc\u00fan:<\/p>\n<p style=\"font-weight: 400;\">57 estudiantes en comit\u00e9 organizador del evento<\/p>\n<p style=\"font-weight: 400;\">472 estudiantes en todos los programas educativos de la divisi\u00f3n de Turismo<\/p>\n<p style=\"font-weight: 400;\"><b><strong>\u00a0<\/strong><\/b><\/p>\n<p style=\"font-weight: 400;\"><b><strong>HECHO:<\/strong><\/b><\/p>\n<p style=\"font-weight: 400;\">\n<p style=\"font-weight: 400;\">Como parte del evento, se imparti\u00f3 la conferencia magistral \u201cReuniones verdes: ESG las nuevas tendencias\u201d, a cargo de Guillermo C\u00e1rdenas, de la empresa \u201cGrupo Destinos\u201d; se llev\u00f3 a cabo el panel: \u201cMomento de soluciones innovadoras e incluyentes\u201d, adem\u00e1s de una actividad sociocultural y talleres, as\u00ed como la feria local: \u201cIdentidad Cultural\u201d, esta \u00faltima por parte de emprendedores locales en el Planetario Kayo\u00b4k\u00b4 Canc\u00fan.<\/p>\n<p style=\"font-weight: 400;\">\n<p style=\"font-weight: 400;\"><b><strong>CONTEXTO:<\/strong><\/b><\/p>\n<p style=\"font-weight: 400;\">\n<ul style=\"font-weight: 400;\">\n<li>El primer congreso se realiz\u00f3 en abril 2009, en Puerto Morelos con el tema \u201cTurismo comunitario\u201d y la participaci\u00f3n de 130 estudiantes de la divisi\u00f3n de Turismo.<\/li>\n<\/ul>\n","protected":false},"excerpt":{"rendered":"<p>\u00a0\u00a0Anuncia dos pr\u00f3ximos eventos: \u201cCanc\u00fan World Fest 2023. Descubre el mundo en un solo lugar\u201d,&#8230;<\/p>\n","protected":false},"author":1,"featured_media":17305,"comment_status":"open","ping_status":"closed","sticky":false,"template":"","format":"standard","meta":{"footnotes":""},"categories":[2],"tags":[],"class_list":["post-17303","post","type-post","status-publish","format-standard","has-post-thumbnail","hentry","category-local"],"_links":{"self":[{"href":"https:\/\/xn--huracnpolmicocancnquintanaroo-knc6wmu.com\/index.php?rest_route=\/wp\/v2\/posts\/17303","targetHints":{"allow":["GET"]}}],"collection":[{"href":"https:\/\/xn--huracnpolmicocancnquintanaroo-knc6wmu.com\/index.php?rest_route=\/wp\/v2\/posts"}],"about":[{"href":"https:\/\/xn--huracnpolmicocancnquintanaroo-knc6wmu.com\/index.php?rest_route=\/wp\/v2\/types\/post"}],"author":[{"embeddable":true,"href":"https:\/\/xn--huracnpolmicocancnquintanaroo-knc6wmu.com\/index.php?rest_route=\/wp\/v2\/users\/1"}],"replies":[{"embeddable":true,"href":"https:\/\/xn--huracnpolmicocancnquintanaroo-knc6wmu.com\/index.php?rest_route=%2Fwp%2Fv2%2Fcomments&post=17303"}],"version-history":[{"count":1,"href":"https:\/\/xn--huracnpolmicocancnquintanaroo-knc6wmu.com\/index.php?rest_route=\/wp\/v2\/posts\/17303\/revisions"}],"predecessor-version":[{"id":17304,"href":"https:\/\/xn--huracnpolmicocancnquintanaroo-knc6wmu.com\/index.php?rest_route=\/wp\/v2\/posts\/17303\/revisions\/17304"}],"wp:featuredmedia":[{"embeddable":true,"href":"https:\/\/xn--huracnpolmicocancnquintanaroo-knc6wmu.com\/index.php?rest_route=\/wp\/v2\/media\/17305"}],"wp:attachment":[{"href":"https:\/\/xn--huracnpolmicocancnquintanaroo-knc6wmu.com\/index.php?rest_route=%2Fwp%2Fv2%2Fmedia&parent=17303"}],"wp:term":[{"taxonomy":"category","embeddable":true,"href":"https:\/\/xn--huracnpolmicocancnquintanaroo-knc6wmu.com\/index.php?rest_route=%2Fwp%2Fv2%2Fcategories&post=17303"},{"taxonomy":"post_tag","embeddable":true,"href":"https:\/\/xn--huracnpolmicocancnquintanaroo-knc6wmu.com\/index.php?rest_route=%2Fwp%2Fv2%2Ftags&post=17303"}],"curies":[{"name":"wp","href":"https:\/\/api.w.org\/{rel}","templated":true}]}}