{"id":17485,"date":"2023-07-25T15:49:50","date_gmt":"2023-07-25T20:49:50","guid":{"rendered":"https:\/\/xn--huracnpolmicocancnquintanaroo-knc6wmu.com\/?p=17485"},"modified":"2023-07-25T20:49:51","modified_gmt":"2023-07-25T20:49:51","slug":"guelaguetza-cancun-2023-este-es-el-calendario-de-actividades","status":"publish","type":"post","link":"https:\/\/xn--huracnpolmicocancnquintanaroo-knc6wmu.com\/?p=17485","title":{"rendered":"Guelaguetza Canc\u00fan 2023: \u00a1Este es el calendario de actividades!"},"content":{"rendered":"<div class=\"newsfull__excerpt\">\n<h4 style=\"text-align: center;\">Vive una experiencia \u00fanica en la Guelaguetza Canc\u00fan 2023 del 4 al 6 de agosto en el centro de la ciudad<\/h4>\n<\/div>\n<div class=\"newsfull__line\">\n<div class=\"newsfull__author--media\">\n<p>El Caribe se viste de gala con la\u00a0<strong>Guelaguetza Canc\u00fan 2023<\/strong>, un fin de semana en el que se podr\u00e1 vivir la experiencia de la fiesta m\u00e1s importante de Oaxaca.<\/p>\n<div class=\"banner hide--mobile\">\n<p>Ser\u00e1n tres d\u00edas inolvidables en el coraz\u00f3n de la ciudad, donde locales y visitantes disfrutar\u00e1n de la aut\u00e9ntica gastronom\u00eda t\u00edpica de las ocho regiones oaxaque\u00f1as, quienes a\u00f1o con a\u00f1o se re\u00fanen para darle vida a uno de los eventos m\u00e1s relevantes de M\u00e9xico.<\/p>\n<h2>Fechas, ubicaci\u00f3n y horarios de la Guelaguetza Canc\u00fan 2023<\/h2>\n<div>\n<p>Del 4 al 6 de agosto se llevar\u00e1 a cabo este gran evento organizado por el Instituto de la Cultura y las Artes Canc\u00fan en el\u00a0Parque de las Palapas\u00a0y parte de la Avenida Yaxchil\u00e1n en un horario de 4 de la tarde a 11 de la noche.<\/p>\n<div class=\"banner hide--mobile\">\n<p>La terminal de autobuses,\u00a0ADO\u00a0tambi\u00e9n ser\u00e1 parte de este festejo, en donde partir\u00e1n las danzas oaxaque\u00f1as y la calenda.<\/p>\n<h2>Calendario de actividades<\/h2>\n<p>Desde feria, m\u00fasica en vivo, bailes tradicionales, gastronom\u00eda t\u00edpica, lucha libre y artesan\u00edas es lo que encontrar\u00e1s en la\u00a0<strong>Guelaguetza Canc\u00fan 2023<\/strong>, \u00a1La entrada es gratuita!<\/p>\n<ul>\n<li>Viernes 4 de agosto<\/li>\n<\/ul>\n<p>Escenario del Parque de las Palapas<\/p>\n<p>4:00 pm &#8211; Presentaci\u00f3n de danzas oaxaque\u00f1as<\/p>\n<p>6:00 pm &#8211; Calenda oaxaque\u00f1a<\/p>\n<p>7:00 pm &#8211; Apertura<\/p>\n<p>7:15 pm &#8211; Concierto de la \u2018Banda Filarm\u00f3nica Infantil y Juvenil de Santa Cruz Xoxocotl\u00e1n, Oaxaca\u2019<\/p>\n<p>7:15 pm &#8211;\u00a0Guelaguetza<\/p>\n<p>Escenario de la Avenida Yaxchil\u00e1n<\/p>\n<p>4:00 pm &#8211; Presentaci\u00f3n de danzas oaxaque\u00f1as<\/p>\n<p>6:00 pm &#8211; Calenda oaxaque\u00f1a<\/p>\n<p>7:00 pm a 11:00 pm &#8211; Show de talentos<\/p>\n<p>8:00 pm y 10:00 pm &#8211; Lucha libre<\/p>\n<p>4:00 pm a 11:00 pm &#8211; Feria mexicana, Pabell\u00f3n gastron\u00f3mico y Pabell\u00f3n artesanal<\/p>\n<ul>\n<li>S\u00e1bado 5 y Domingo 6 de agosto<\/li>\n<\/ul>\n<p>Escenario del Parque de las Palapas<\/p>\n<p>7:15 pm &#8211; Concierto de la \u2018Banda Filarm\u00f3nica Infantil y Juvenil de Santa Cruz Xoxocotl\u00e1n, Oaxaca\u2019<\/p>\n<p>7:15 pm &#8211; Guelaguetza<\/p>\n<p>Escenario de la Avenida Yaxchil\u00e1n<\/p>\n<p>7:00 pm a 11:00 pm &#8211; Show de talentos<\/p>\n<p>8:00 pm y 10:00 pm &#8211; Lucha libre<\/p>\n<p>4:00 pm a 11:00 pm &#8211; Feria mexicana, Pabell\u00f3n gastron\u00f3mico y Pabell\u00f3n artesanal<\/p>\n<p>As\u00ed que no te pierdas esta oportunidad \u00fanica para experimentar la magia y el encanto de la\u00a0<strong>Guelaguetza Canc\u00fan 2023.<\/strong><\/p>\n<\/div>\n<\/div>\n<\/div>\n<\/div>\n<\/div>\n","protected":false},"excerpt":{"rendered":"<p>Vive una experiencia \u00fanica en la Guelaguetza Canc\u00fan 2023 del 4 al 6 de agosto&#8230;<\/p>\n","protected":false},"author":1,"featured_media":17487,"comment_status":"open","ping_status":"closed","sticky":false,"template":"","format":"standard","meta":{"footnotes":""},"categories":[2],"tags":[],"class_list":["post-17485","post","type-post","status-publish","format-standard","has-post-thumbnail","hentry","category-local"],"_links":{"self":[{"href":"https:\/\/xn--huracnpolmicocancnquintanaroo-knc6wmu.com\/index.php?rest_route=\/wp\/v2\/posts\/17485","targetHints":{"allow":["GET"]}}],"collection":[{"href":"https:\/\/xn--huracnpolmicocancnquintanaroo-knc6wmu.com\/index.php?rest_route=\/wp\/v2\/posts"}],"about":[{"href":"https:\/\/xn--huracnpolmicocancnquintanaroo-knc6wmu.com\/index.php?rest_route=\/wp\/v2\/types\/post"}],"author":[{"embeddable":true,"href":"https:\/\/xn--huracnpolmicocancnquintanaroo-knc6wmu.com\/index.php?rest_route=\/wp\/v2\/users\/1"}],"replies":[{"embeddable":true,"href":"https:\/\/xn--huracnpolmicocancnquintanaroo-knc6wmu.com\/index.php?rest_route=%2Fwp%2Fv2%2Fcomments&post=17485"}],"version-history":[{"count":1,"href":"https:\/\/xn--huracnpolmicocancnquintanaroo-knc6wmu.com\/index.php?rest_route=\/wp\/v2\/posts\/17485\/revisions"}],"predecessor-version":[{"id":17486,"href":"https:\/\/xn--huracnpolmicocancnquintanaroo-knc6wmu.com\/index.php?rest_route=\/wp\/v2\/posts\/17485\/revisions\/17486"}],"wp:featuredmedia":[{"embeddable":true,"href":"https:\/\/xn--huracnpolmicocancnquintanaroo-knc6wmu.com\/index.php?rest_route=\/wp\/v2\/media\/17487"}],"wp:attachment":[{"href":"https:\/\/xn--huracnpolmicocancnquintanaroo-knc6wmu.com\/index.php?rest_route=%2Fwp%2Fv2%2Fmedia&parent=17485"}],"wp:term":[{"taxonomy":"category","embeddable":true,"href":"https:\/\/xn--huracnpolmicocancnquintanaroo-knc6wmu.com\/index.php?rest_route=%2Fwp%2Fv2%2Fcategories&post=17485"},{"taxonomy":"post_tag","embeddable":true,"href":"https:\/\/xn--huracnpolmicocancnquintanaroo-knc6wmu.com\/index.php?rest_route=%2Fwp%2Fv2%2Ftags&post=17485"}],"curies":[{"name":"wp","href":"https:\/\/api.w.org\/{rel}","templated":true}]}}