{"id":17575,"date":"2023-07-28T15:52:56","date_gmt":"2023-07-28T20:52:56","guid":{"rendered":"https:\/\/xn--huracnpolmicocancnquintanaroo-knc6wmu.com\/?p=17575"},"modified":"2023-07-28T20:52:57","modified_gmt":"2023-07-28T20:52:57","slug":"cancun-tendra-un-importante-aumento-en-vuelos-de-american-airlines","status":"publish","type":"post","link":"https:\/\/xn--huracnpolmicocancnquintanaroo-knc6wmu.com\/?p=17575","title":{"rendered":"Canc\u00fan tendr\u00e1 un importante aumento en vuelos de American Airlines"},"content":{"rendered":"<div class=\"newsfull__excerpt\">\n<h4 style=\"text-align: center;\">American estar\u00e1 muy presente en el aeropuerto de Canc\u00fan pues tiene programado m\u00e1s de 30 vuelos diarios<\/h4>\n<\/div>\n<div class=\"newsfull__line\">\n<div class=\"newsfull__author--media\">\n<p>American Airlines ha anunciado un importante aumento en vuelos hacia<strong>\u00a0Canc\u00fan<\/strong>, de esta manera se ha consolidado como uno de sus destinos internacionales m\u00e1s populares.<\/p>\n<div class=\"banner hide--mobile\">\n<h2>American estar\u00e1 m\u00e1s presente en Canc\u00fan<\/h2>\n<div>\n<p>Durante la pr\u00f3xima temporada de invierno,\u00a0<strong>Canc\u00fan<\/strong>\u00a0se convertir\u00e1 en el mayor destino internacional de American, con hasta 40 vuelos diarios en d\u00edas pico desde 18 destinos en Estados Unidos.<\/p>\n<p>Este nuevo servicio incluir\u00e1 vuelos estacionales desde Pittsburgh, Nashville y Cincinnati, as\u00ed como frecuencias adicionales desde Miami y Charlotte.<\/p>\n<p>Adem\u00e1s, a partir del 05 de noviembre, la aerol\u00ednea aumentar\u00e1 de uno a dos los vuelos diarios\u00a0desde Austin, Texas.<\/p>\n<p>Adem\u00e1s del aumento en vuelos hacia\u00a0<strong>Canc\u00fan<\/strong>, American Airlines tambi\u00e9n ampliar\u00e1 su presencia en M\u00e9xico con un nuevo destino que se inaugurar\u00e1 el 15 de febrero de 2024.<\/p>\n<p>Esta nueva ruta conectar\u00e1 el Aeropuerto Internacional de Tijuana con el Aeropuerto Internacional Phoenix Sky Harbor,\u00a0servicio operar\u00e1 diariamente en un avi\u00f3n Embraer 175, con capacidad para 78 pasajeros.<\/p>\n<h2>M\u00e1s sobre los nuevos vuelos de Canc\u00fan<\/h2>\n<div>\n<p>Jos\u00e9 Mar\u00eda Giraldo, director general de American para M\u00e9xico, Centroam\u00e9rica y el Caribe, expres\u00f3 su satisfacci\u00f3n por el crecimiento del servicio hacia\u00a0<strong>Canc\u00fan<\/strong>, que brindar\u00e1 a los clientes una red sin igual en M\u00e9xico.<\/p>\n<p>El incremento en vuelos reafirma el compromiso de la aerol\u00ednea con este destino tan popular y establece a\u00a0<strong>Canc\u00fan<\/strong>\u00a0como el mayor punto de conexi\u00f3n fuera de los\u00a0Estados Unidos en invierno.<\/p>\n<p>Jos\u00e9 A. Freig, vicepresidente de operaciones y comercial para M\u00e9xico, el Caribe y Am\u00e9rica Latina.<\/p>\n<div class=\"newsfull__body\">\n<p>Adem\u00e1s, destac\u00f3 el entusiasmo de la aerol\u00ednea por ser la \u00fanica en conectar Tijuana\u00a0con Estados Unidos, ofreciendo aproximadamente 250 vuelos diarios a 100 destinos desde su centro de conexiones en Phoenix.<\/p>\n<\/div>\n<div class=\"module module--list module--relatednews\">\n<div class=\"module__header\"><\/div>\n<\/div>\n<\/div>\n<\/div>\n<\/div>\n<\/div>\n<\/div>\n","protected":false},"excerpt":{"rendered":"<p>American estar\u00e1 muy presente en el aeropuerto de Canc\u00fan pues tiene programado m\u00e1s de 30&#8230;<\/p>\n","protected":false},"author":1,"featured_media":17577,"comment_status":"open","ping_status":"closed","sticky":false,"template":"","format":"standard","meta":{"footnotes":""},"categories":[2],"tags":[],"class_list":["post-17575","post","type-post","status-publish","format-standard","has-post-thumbnail","hentry","category-local"],"_links":{"self":[{"href":"https:\/\/xn--huracnpolmicocancnquintanaroo-knc6wmu.com\/index.php?rest_route=\/wp\/v2\/posts\/17575","targetHints":{"allow":["GET"]}}],"collection":[{"href":"https:\/\/xn--huracnpolmicocancnquintanaroo-knc6wmu.com\/index.php?rest_route=\/wp\/v2\/posts"}],"about":[{"href":"https:\/\/xn--huracnpolmicocancnquintanaroo-knc6wmu.com\/index.php?rest_route=\/wp\/v2\/types\/post"}],"author":[{"embeddable":true,"href":"https:\/\/xn--huracnpolmicocancnquintanaroo-knc6wmu.com\/index.php?rest_route=\/wp\/v2\/users\/1"}],"replies":[{"embeddable":true,"href":"https:\/\/xn--huracnpolmicocancnquintanaroo-knc6wmu.com\/index.php?rest_route=%2Fwp%2Fv2%2Fcomments&post=17575"}],"version-history":[{"count":1,"href":"https:\/\/xn--huracnpolmicocancnquintanaroo-knc6wmu.com\/index.php?rest_route=\/wp\/v2\/posts\/17575\/revisions"}],"predecessor-version":[{"id":17576,"href":"https:\/\/xn--huracnpolmicocancnquintanaroo-knc6wmu.com\/index.php?rest_route=\/wp\/v2\/posts\/17575\/revisions\/17576"}],"wp:featuredmedia":[{"embeddable":true,"href":"https:\/\/xn--huracnpolmicocancnquintanaroo-knc6wmu.com\/index.php?rest_route=\/wp\/v2\/media\/17577"}],"wp:attachment":[{"href":"https:\/\/xn--huracnpolmicocancnquintanaroo-knc6wmu.com\/index.php?rest_route=%2Fwp%2Fv2%2Fmedia&parent=17575"}],"wp:term":[{"taxonomy":"category","embeddable":true,"href":"https:\/\/xn--huracnpolmicocancnquintanaroo-knc6wmu.com\/index.php?rest_route=%2Fwp%2Fv2%2Fcategories&post=17575"},{"taxonomy":"post_tag","embeddable":true,"href":"https:\/\/xn--huracnpolmicocancnquintanaroo-knc6wmu.com\/index.php?rest_route=%2Fwp%2Fv2%2Ftags&post=17575"}],"curies":[{"name":"wp","href":"https:\/\/api.w.org\/{rel}","templated":true}]}}