{"id":17602,"date":"2023-07-29T09:27:22","date_gmt":"2023-07-29T14:27:22","guid":{"rendered":"https:\/\/xn--huracnpolmicocancnquintanaroo-knc6wmu.com\/?p=17602"},"modified":"2023-07-29T14:27:23","modified_gmt":"2023-07-29T14:27:23","slug":"entrega-ana-paty-peralta-unidad-movil-a-cdc-de-cancun","status":"publish","type":"post","link":"https:\/\/xn--huracnpolmicocancnquintanaroo-knc6wmu.com\/?p=17602","title":{"rendered":"ENTREGA ANA PATY PERALTA UNIDAD M\u00d3VIL A CDC DE CANC\u00daN"},"content":{"rendered":"<p style=\"font-weight: 400;\">Las personas beneficiadas tendr\u00e1n una unidad de traslado para sus terapias y consultas m\u00e9dicas totalmente gratuita<\/p>\n<p style=\"font-weight: 400;\">Cancunenses con alguna discapacidad y\/o enfermedad cr\u00f3nica degenerativa, se ver\u00e1n beneficiados con los traslados de una Unidad M\u00f3vil al Centro de Desarrollo Comunitario (CDC) de la Supermanzana 228, proyecto contemplado gracias a los recursos de Presupuesto Participativo y entregada por la Presidenta Municipal de Benito Ju\u00e1rez, Ana Paty Peralta, tras escuchar a la ciudadan\u00eda en los ejercicios de transparencia y cercan\u00eda a la gente.<\/p>\n<p style=\"font-weight: 400;\">\n<p style=\"font-weight: 400;\">\u201cLa salud es una prioridad para este Ayuntamiento, y tambi\u00e9n en coordinaci\u00f3n con la gobernadora Mara Lezama, estamos cambiando vidas, seguimos transformando el rumbo de la historia de Canc\u00fan y Quintana Roo; prueba de eso, es que en Canc\u00fan vamos a tener dos unidades m\u00e9dicas que est\u00e1 haciendo la gobernadora por parte de la Secretar\u00eda de Desarrollo Social del Estado; tambi\u00e9n les digo que este a\u00f1o vamos a tener 14 cruces seguros con las adecuaciones para ustedes, porque buscamos que nuestra ciudad sea m\u00e1s incluyente, moderna y llevar a Canc\u00fan al siguiente nivel de \u00e9xito\u201d, dijo la Primera Autoridad Municipal durante el corte de list\u00f3n inaugural.<\/p>\n<p style=\"font-weight: 400;\">\n<p style=\"font-weight: 400;\">Posteriormente, se hizo una demostraci\u00f3n de la unidad que est\u00e1 adaptada a sus necesidades y ser\u00e1 gratuita para las y los cancunenses con cierto padecimiento o discapacidad, mismos que por situaciones de salud o econ\u00f3mica no puedan trasladarse por sus propios medios para recibir rehabilitaci\u00f3n f\u00edsica, educaci\u00f3n especial, atenci\u00f3n m\u00e9dica, consultas con especialidades m\u00e9dicas, as\u00ed como estudios de laboratorio y\/o gabinete.<\/p>\n<p style=\"font-weight: 400;\">\n<p style=\"font-weight: 400;\">La Alcaldesa recalc\u00f3 que, \u00e9sta es la manera de usar correctamente los recursos, de hacer justicia social, de reducir los rezagos y las desigualdades, poniendo en el centro las necesidades de las personas, marcando el rumbo hacia un municipio m\u00e1s incluyente, equitativo, con igualdad de oportunidades y derechos para todas y todos; para seguir trabajando a trav\u00e9s de la Ventanilla \u00danica Inclusiva que facilita y agiliza los tr\u00e1mites y servicios en un solo lugar.<\/p>\n<p style=\"font-weight: 400;\">\n<p style=\"font-weight: 400;\">Por su parte, la titular de la Secretar\u00eda de Desarrollo Social y Econ\u00f3mico, Berenice Sosa Osorio, reconoci\u00f3 que la entrega de esta unidad m\u00f3vil es un gran logro para el Ayuntamiento, ya que con el impulso del presupuesto participativo se trabaja a favor de la ciudadan\u00eda, debido a que los temas relacionados a la salud son prioritarios para este gobierno.<\/p>\n<p style=\"font-weight: 400;\">\n<p style=\"font-weight: 400;\">En agradecimiento por esta unidad de traslado, el beneficiario Yanira San Juan Ortega, dijo que los temas de salud son importantes, al reconocer la preocupaci\u00f3n de la Presidenta Municipal por no dejar solos a las personas con problemas de movilidad.<\/p>\n<p style=\"font-weight: 400;\">\n<p style=\"font-weight: 400;\">Cabe mencionar que, para solicitar los servicios de la unidad, se deben comunicar a los n\u00fameros 998 898 09 08 y 998 884 30 00, o bien, acudir directamente a la oficina del CDC de la regi\u00f3n antes se\u00f1alada, ya que en Canc\u00fan la transformaci\u00f3n es una realidad y la salud es primero.<\/p>\n<p style=\"font-weight: 400;\"><b><strong>\u00a0<\/strong><\/b><\/p>\n<p style=\"font-weight: 400;\"><b><strong>************<\/strong><\/b><\/p>\n<p style=\"font-weight: 400;\"><b><strong>COMPLEMENTO INFORMATIVO<\/strong><\/b><\/p>\n<p style=\"font-weight: 400;\"><b><strong>\u00a0<\/strong><\/b><\/p>\n<p style=\"font-weight: 400;\"><b><strong>NUMERARIAS:<\/strong><\/b><\/p>\n<p style=\"font-weight: 400;\">\n<p style=\"font-weight: 400;\">2022, principales discapacidades presentes en la poblaci\u00f3n de Canc\u00fan:<\/p>\n<ul>\n<li style=\"font-weight: 400;\">16 mil personas, discapacidad visual<\/li>\n<li style=\"font-weight: 400;\">12 mil personas, discapacidad f\u00edsica<\/li>\n<li style=\"font-weight: 400;\">5 mil 980 personas, discapacidad motriz<\/li>\n<\/ul>\n","protected":false},"excerpt":{"rendered":"<p>Las personas beneficiadas tendr\u00e1n una unidad de traslado para sus terapias y consultas m\u00e9dicas totalmente&#8230;<\/p>\n","protected":false},"author":1,"featured_media":17604,"comment_status":"open","ping_status":"closed","sticky":false,"template":"","format":"standard","meta":{"footnotes":""},"categories":[2],"tags":[],"class_list":["post-17602","post","type-post","status-publish","format-standard","has-post-thumbnail","hentry","category-local"],"_links":{"self":[{"href":"https:\/\/xn--huracnpolmicocancnquintanaroo-knc6wmu.com\/index.php?rest_route=\/wp\/v2\/posts\/17602","targetHints":{"allow":["GET"]}}],"collection":[{"href":"https:\/\/xn--huracnpolmicocancnquintanaroo-knc6wmu.com\/index.php?rest_route=\/wp\/v2\/posts"}],"about":[{"href":"https:\/\/xn--huracnpolmicocancnquintanaroo-knc6wmu.com\/index.php?rest_route=\/wp\/v2\/types\/post"}],"author":[{"embeddable":true,"href":"https:\/\/xn--huracnpolmicocancnquintanaroo-knc6wmu.com\/index.php?rest_route=\/wp\/v2\/users\/1"}],"replies":[{"embeddable":true,"href":"https:\/\/xn--huracnpolmicocancnquintanaroo-knc6wmu.com\/index.php?rest_route=%2Fwp%2Fv2%2Fcomments&post=17602"}],"version-history":[{"count":1,"href":"https:\/\/xn--huracnpolmicocancnquintanaroo-knc6wmu.com\/index.php?rest_route=\/wp\/v2\/posts\/17602\/revisions"}],"predecessor-version":[{"id":17603,"href":"https:\/\/xn--huracnpolmicocancnquintanaroo-knc6wmu.com\/index.php?rest_route=\/wp\/v2\/posts\/17602\/revisions\/17603"}],"wp:featuredmedia":[{"embeddable":true,"href":"https:\/\/xn--huracnpolmicocancnquintanaroo-knc6wmu.com\/index.php?rest_route=\/wp\/v2\/media\/17604"}],"wp:attachment":[{"href":"https:\/\/xn--huracnpolmicocancnquintanaroo-knc6wmu.com\/index.php?rest_route=%2Fwp%2Fv2%2Fmedia&parent=17602"}],"wp:term":[{"taxonomy":"category","embeddable":true,"href":"https:\/\/xn--huracnpolmicocancnquintanaroo-knc6wmu.com\/index.php?rest_route=%2Fwp%2Fv2%2Fcategories&post=17602"},{"taxonomy":"post_tag","embeddable":true,"href":"https:\/\/xn--huracnpolmicocancnquintanaroo-knc6wmu.com\/index.php?rest_route=%2Fwp%2Fv2%2Ftags&post=17602"}],"curies":[{"name":"wp","href":"https:\/\/api.w.org\/{rel}","templated":true}]}}