{"id":17641,"date":"2023-07-03T14:00:17","date_gmt":"2023-07-03T19:00:17","guid":{"rendered":"https:\/\/xn--huracnpolmicocancnquintanaroo-knc6wmu.com\/?p=17641"},"modified":"2023-07-29T19:01:03","modified_gmt":"2023-07-29T19:01:03","slug":"quintana-roo-abre-participacion-en-basquetbol-frente-a-puebla-en-los-nacionales-conade-2023","status":"publish","type":"post","link":"https:\/\/xn--huracnpolmicocancnquintanaroo-knc6wmu.com\/?p=17641","title":{"rendered":"Quintana Roo abre participaci\u00f3n en basquetbol frente a Puebla en los Nacionales CONADE 2023"},"content":{"rendered":"<p>La selecci\u00f3n femenil de Quintana Roo en la disciplina de basquetbol 5&#215;5 en la categor\u00eda 2005-06, cerr\u00f3 su preparaci\u00f3n al realizar su \u00faltimo entrenamiento en suelo tabasque\u00f1o, donde debutar\u00e1n este martes 4 de julio cuando enfrenten al combinado de Puebla, continuando con las acciones de los Nacionales CONADE 2023.<\/p>\n<p>El equipo estatal lleg\u00f3 con dos d\u00edas de anticipaci\u00f3n del inicio de actividades de esta disciplina, con el apoyo y respaldo de la Comisi\u00f3n para la Juventud y el Deporte de Quintana Roo (COJUDEQ), presidida por Eric Arcila Arjona.<\/p>\n<p>El conjunto quintanarroense, bajo la direcci\u00f3n de los profesores Jes\u00fas Mart\u00ednez y Miguel Tejero, debutar\u00e1 este martes 4 de julio cuando enfrente a Puebla a partir de las 16:00 horas (horario local, 17:00 horas tiempo de Quintana Roo); la segunda jornada se jugar\u00e1 el mi\u00e9rcoles 5 ante Tabasco a las 17:00 horas; y el \u00faltimo duelo de la fase de grupos, ser\u00e1 el jueves 6 ante Zacatecas, a las 18:00 horas; teniendo como escenario las canchas de la Ciudad Deportiva de Villahermosa.<\/p>\n<p>El cuadro femenil esta integrado por: Luz Fernanda L\u00f3pez Betanzos, Britanny Elizabeth Puertas Rosales, Mar\u00eda Fernanda Hern\u00e1ndez Olivares, Tiare Leilany L\u00f3pez Cupul, Dafne Geraldine Cruz Diaz, Regina Elizalde C\u00e1rdenas, Yamila Valentina Canto Pech, Lol-be Litsajaya Cervantes Berzunza, Citlaly Darani N\u00fa\u00f1ez Hern\u00e1ndez y Clarisa Valeria Hern\u00e1ndez Gonz\u00e1les.<\/p>\n","protected":false},"excerpt":{"rendered":"<p>La selecci\u00f3n femenil de Quintana Roo en la disciplina de basquetbol 5&#215;5 en la categor\u00eda&#8230;<\/p>\n","protected":false},"author":1,"featured_media":17643,"comment_status":"closed","ping_status":"closed","sticky":false,"template":"","format":"standard","meta":{"footnotes":""},"categories":[2],"tags":[],"class_list":["post-17641","post","type-post","status-publish","format-standard","has-post-thumbnail","hentry","category-local"],"_links":{"self":[{"href":"https:\/\/xn--huracnpolmicocancnquintanaroo-knc6wmu.com\/index.php?rest_route=\/wp\/v2\/posts\/17641","targetHints":{"allow":["GET"]}}],"collection":[{"href":"https:\/\/xn--huracnpolmicocancnquintanaroo-knc6wmu.com\/index.php?rest_route=\/wp\/v2\/posts"}],"about":[{"href":"https:\/\/xn--huracnpolmicocancnquintanaroo-knc6wmu.com\/index.php?rest_route=\/wp\/v2\/types\/post"}],"author":[{"embeddable":true,"href":"https:\/\/xn--huracnpolmicocancnquintanaroo-knc6wmu.com\/index.php?rest_route=\/wp\/v2\/users\/1"}],"replies":[{"embeddable":true,"href":"https:\/\/xn--huracnpolmicocancnquintanaroo-knc6wmu.com\/index.php?rest_route=%2Fwp%2Fv2%2Fcomments&post=17641"}],"version-history":[{"count":1,"href":"https:\/\/xn--huracnpolmicocancnquintanaroo-knc6wmu.com\/index.php?rest_route=\/wp\/v2\/posts\/17641\/revisions"}],"predecessor-version":[{"id":17642,"href":"https:\/\/xn--huracnpolmicocancnquintanaroo-knc6wmu.com\/index.php?rest_route=\/wp\/v2\/posts\/17641\/revisions\/17642"}],"wp:featuredmedia":[{"embeddable":true,"href":"https:\/\/xn--huracnpolmicocancnquintanaroo-knc6wmu.com\/index.php?rest_route=\/wp\/v2\/media\/17643"}],"wp:attachment":[{"href":"https:\/\/xn--huracnpolmicocancnquintanaroo-knc6wmu.com\/index.php?rest_route=%2Fwp%2Fv2%2Fmedia&parent=17641"}],"wp:term":[{"taxonomy":"category","embeddable":true,"href":"https:\/\/xn--huracnpolmicocancnquintanaroo-knc6wmu.com\/index.php?rest_route=%2Fwp%2Fv2%2Fcategories&post=17641"},{"taxonomy":"post_tag","embeddable":true,"href":"https:\/\/xn--huracnpolmicocancnquintanaroo-knc6wmu.com\/index.php?rest_route=%2Fwp%2Fv2%2Ftags&post=17641"}],"curies":[{"name":"wp","href":"https:\/\/api.w.org\/{rel}","templated":true}]}}