{"id":17650,"date":"2023-07-06T14:02:47","date_gmt":"2023-07-06T19:02:47","guid":{"rendered":"https:\/\/xn--huracnpolmicocancnquintanaroo-knc6wmu.com\/?p=17650"},"modified":"2023-07-29T19:03:30","modified_gmt":"2023-07-29T19:03:30","slug":"quintana-roo-sera-sede-del-torneo-infantil-the-football-games-2023","status":"publish","type":"post","link":"https:\/\/xn--huracnpolmicocancnquintanaroo-knc6wmu.com\/?p=17650","title":{"rendered":"Quintana Roo ser\u00e1 sede del torneo infantil \u2018The Football Games 2023\u2019"},"content":{"rendered":"<p>&#8211; Es la primera vez que se realiza el torneo en M\u00e9xico y eligieron al municipio de Benito Ju\u00e1rez para la participaci\u00f3n de equipos de talla mundial<\/p>\n<p>Quintana Roo ser\u00e1 la sede de la primera edici\u00f3n del torneo de futbol infantil \u201cThe Football Games Canc\u00fan 2023\u201d, programado del 11 al 14 de octubre y tendr\u00e1 como escenario las canchas del Centro Estatal Deportivo de Alto Rendimiento (CEDAR) de Canc\u00fan, anunciaron en conferencia de prensa Eric Arcila Arjona, presidente de la Comisi\u00f3n para la Juventud y el Deporte de Quintana Roo (COJUDEQ) y Bernardo Cueto Riestra, secretario de Turismo.<\/p>\n<p>\u201cLa gobernadora Mara Lezama Espinosa tiene al deporte como una de sus prioridades y el impulso al turismo deportivo a trav\u00e9s de eventos como este, que promueven el deporte a la ni\u00f1ez, a juventud y por supuesto a las familias\u201d, indic\u00f3 Arcila Arjona.<\/p>\n<p>Bernardo Cueto resalt\u00f3 que \u201cla celebraci\u00f3n de este tipo de eventos de alcance mundial en Quintana Roo juega un papel crucial en la promoci\u00f3n y diversificaci\u00f3n de nuestra oferta tur\u00edstica, brindando a nuestros visitantes y habitantes una experiencia diversa en nuestros destinos\u201d.<\/p>\n<p>Este torneo infantil reunir\u00e1 a 16 equipos de la categor\u00eda Sub-12, resaltando que son conjuntos que pertenecen a las Fuerzas B\u00e1sicas de reconocidos clubes como son Real Madrid, Atl\u00e9tico de Madrid, FC Barcelona, Villarreal, Sevilla y Real Sociedad de Espa\u00f1a, as\u00ed como Olympique de Marsella de Francia, Borussia Dortmund de Alemania, Inter de Mil\u00e1n y Juventus de Italia, Flamengo de Brasil y River Plate de Argentina, mientras que M\u00e9xico estar\u00e1 representado por Am\u00e9rica, Guadalajara, Tigres UANL y Monterrey.<\/p>\n<p>En la presentaci\u00f3n oficial del torneo tambi\u00e9n estuvieron Enrique Cerezo, presidente del Club Atl\u00e9tico de Madrid; as\u00ed como Jos\u00e9 Ram\u00f3n de la Morena, organizador y director de la fundaci\u00f3n que lleva su mismo nombre; adem\u00e1s de Antonio \u00c1lvarez presidente de AsDeporte; as\u00ed como Sonia Cea, concejala de Deportes del Ayuntamiento de Madrid.<\/p>\n<p>Arcila Arjona a\u00f1adi\u00f3 \u201cser\u00e1 todo un honor ser sus anfitriones y por supuesto los recibiremos con los brazos abiertos, el deporte para nosotros es una herramienta importante para combatir cualquier tipo de rezago social\u201d.<\/p>\n<p>Por su parte, Jos\u00e9 Ram\u00f3n de la Morena, coment\u00f3 \u201cnuestra ilusi\u00f3n es ver nacer a las futuras estrellas del futbol, nosotros iniciamos con este tipo de torneos en 1992 y ser\u00e1 la primera vez que hagamos uno en M\u00e9xico y que mejor que en Canc\u00fan, de hecho, de nuestros campeonatos infantiles han salido jugadores como Xavi Hern\u00e1ndez, que hoy es un referente del Barcelona y campe\u00f3n del mundo\u201d.<\/p>\n<p>Este certamen se jugar\u00e1 con cuatro grupos integrado por cuatro equipos y s\u00f3lo avanzar\u00e1n los l\u00edderes de cada sector; tambi\u00e9n se inform\u00f3 que se tiene programado iniciar el 11 de octubre cuando se realice la ceremonia de apertura, posteriormente el 12 y 13 se jugar\u00e1n la fase de Grupos y el mismo 13 ser\u00e1n las semifinales; y finalmente, el 14 de octubre jugarse la final para conocer al primer campe\u00f3n del \u201cThe Football Games Canc\u00fan 2023\u201d.<\/p>\n<p>La organizaci\u00f3n de este torneo se realiza en un trabajo en conjunto entre Gobierno de Quintana Roo a trav\u00e9s de la COJUDEQ y la Secretar\u00eda de Turismo (SEDETUR), con la empresa AsDeporte y la Fundaci\u00f3n Jos\u00e9 Ram\u00f3n de la Morena.<\/p>\n","protected":false},"excerpt":{"rendered":"<p>&#8211; Es la primera vez que se realiza el torneo en M\u00e9xico y eligieron al&#8230;<\/p>\n","protected":false},"author":1,"featured_media":17652,"comment_status":"open","ping_status":"closed","sticky":false,"template":"","format":"standard","meta":{"footnotes":""},"categories":[2],"tags":[],"class_list":["post-17650","post","type-post","status-publish","format-standard","has-post-thumbnail","hentry","category-local"],"_links":{"self":[{"href":"https:\/\/xn--huracnpolmicocancnquintanaroo-knc6wmu.com\/index.php?rest_route=\/wp\/v2\/posts\/17650","targetHints":{"allow":["GET"]}}],"collection":[{"href":"https:\/\/xn--huracnpolmicocancnquintanaroo-knc6wmu.com\/index.php?rest_route=\/wp\/v2\/posts"}],"about":[{"href":"https:\/\/xn--huracnpolmicocancnquintanaroo-knc6wmu.com\/index.php?rest_route=\/wp\/v2\/types\/post"}],"author":[{"embeddable":true,"href":"https:\/\/xn--huracnpolmicocancnquintanaroo-knc6wmu.com\/index.php?rest_route=\/wp\/v2\/users\/1"}],"replies":[{"embeddable":true,"href":"https:\/\/xn--huracnpolmicocancnquintanaroo-knc6wmu.com\/index.php?rest_route=%2Fwp%2Fv2%2Fcomments&post=17650"}],"version-history":[{"count":1,"href":"https:\/\/xn--huracnpolmicocancnquintanaroo-knc6wmu.com\/index.php?rest_route=\/wp\/v2\/posts\/17650\/revisions"}],"predecessor-version":[{"id":17651,"href":"https:\/\/xn--huracnpolmicocancnquintanaroo-knc6wmu.com\/index.php?rest_route=\/wp\/v2\/posts\/17650\/revisions\/17651"}],"wp:featuredmedia":[{"embeddable":true,"href":"https:\/\/xn--huracnpolmicocancnquintanaroo-knc6wmu.com\/index.php?rest_route=\/wp\/v2\/media\/17652"}],"wp:attachment":[{"href":"https:\/\/xn--huracnpolmicocancnquintanaroo-knc6wmu.com\/index.php?rest_route=%2Fwp%2Fv2%2Fmedia&parent=17650"}],"wp:term":[{"taxonomy":"category","embeddable":true,"href":"https:\/\/xn--huracnpolmicocancnquintanaroo-knc6wmu.com\/index.php?rest_route=%2Fwp%2Fv2%2Fcategories&post=17650"},{"taxonomy":"post_tag","embeddable":true,"href":"https:\/\/xn--huracnpolmicocancnquintanaroo-knc6wmu.com\/index.php?rest_route=%2Fwp%2Fv2%2Ftags&post=17650"}],"curies":[{"name":"wp","href":"https:\/\/api.w.org\/{rel}","templated":true}]}}