{"id":17839,"date":"2023-08-04T16:59:00","date_gmt":"2023-08-04T21:59:00","guid":{"rendered":"https:\/\/xn--huracnpolmicocancnquintanaroo-knc6wmu.com\/?p=17839"},"modified":"2023-08-04T21:59:02","modified_gmt":"2023-08-04T21:59:02","slug":"guelaguetza-cancun-anuncian-cierre-de-calles-por-la-gran-fiesta","status":"publish","type":"post","link":"https:\/\/xn--huracnpolmicocancnquintanaroo-knc6wmu.com\/?p=17839","title":{"rendered":"\u2018Guelaguetza Canc\u00fan\u2019: anuncian cierre de calles por la \u2018Gran Fiesta\u2019"},"content":{"rendered":"<div>\n<div class=\"row m-b-15\">\n<div class=\"col-xs-12 col-sm-12 col-md-12 col-lg-12\">\n<h4 class=\"introduction\" style=\"text-align: center;\">Las calles de municipio estar\u00e1n cerradas parcialmente por tres d\u00edas ante el festejo originario de Oaxaca.<\/h4>\n<\/div>\n<\/div>\n<\/div>\n<div class=\"row m-b-25\">\n<div class=\"col-xs-12 col-sm-12 col-md-12 col-lg-12 info-extra-new\">\n<p>Las autoridades del gobierno de Benito Ju\u00e1rez han lanzado una emocionante invitaci\u00f3n a los cancunenses para sumarse a la celebraci\u00f3n de la\u00a0<strong><em>\u2018Guelaguetza Canc\u00fan\u2019<\/em><\/strong>, un evento que promete enriquecer el tejido cultural de la ciudad.<\/p>\n<p>Esta fiesta tradicional, originaria de Oaxaca, se llevar\u00e1 a cabo del 4 al 6 de agosto en dos emblem\u00e1ticos lugares: la avenida\u00a0<strong>Yaxchil\u00e1n\u00a0<\/strong>y el\u00a0<strong>Parque de Las Palapas<\/strong>, situados en el coraz\u00f3n de Canc\u00fan.<\/p>\n<p>El director de Distrito Canc\u00fan, Carlos del Castillo \u00c1lvarez, ha anunciado la\u00a0<strong>participaci\u00f3n de m\u00e1s de 80 artistas oaxaque\u00f1os<\/strong>\u00a0en esta edici\u00f3n. Los visitantes podr\u00e1n disfrutar de pabellones gastron\u00f3micos y culturales, as\u00ed como admirar y adquirir las creaciones artesanales de talentosos artesanos que expondr\u00e1n su trabajo.<\/p>\n<div id=\"div-gpt-ad-inread-64cd2ec051bb7e0014f97dab\" data-name=\"inread\" data-size=\"[[336,250], [300,250]]\" data-google-query-id=\"CMryjZj-w4ADFTigWgUdZsEHDg\">\n<div id=\"google_ads_iframe_\/4334274\/inread_0__container__\"><\/div>\n<\/div>\n<p>Los asistentes a la &#8220;Guelaguetza Canc\u00fan&#8221; tendr\u00e1n la oportunidad de degustar una amplia muestra de la comida t\u00edpica oaxaque\u00f1a, incluyendo delicias como:<\/p>\n<p>&#8211; Tlayudas.<br \/>\n&#8211; Garnachas.<br \/>\n&#8211; Tamales de frijol.<br \/>\n&#8211; Enmoladas.<br \/>\n&#8211; Chapulines.<br \/>\n&#8211; Mezcal.<\/p>\n<p>Cabe se\u00f1alar que el evento est\u00e1 enfocado en ser completamente familiar y est\u00e1 prohibido el consumo de bebidas embriagantes en el lugar.<\/p>\n<h2>Cierre de calles en Canc\u00fan por la Guelaguetza<\/h2>\n<p>Es importante tener en cuenta que, debido a la \u2018<strong>Guelaguetza Canc\u00fan<\/strong>\u2019, las autoridades de Tr\u00e1nsito Municipal De Benito Ju\u00e1rez informaron sobre cierres parciales de calles en la ciudad.<\/p>\n<div id=\"div-gpt-ad-inread-2-64cd2ec051bb7e0014f97dab\" data-name=\"inread\" data-size=\"[[336,250], [300,250]]\" data-google-query-id=\"CMSJjpj-w4ADFaSEWgUdDwEEew\">\n<div id=\"google_ads_iframe_\/4334274\/inread_1__container__\"><\/div>\n<\/div>\n<p>Ser\u00e1 a partir de este viernes 4 de agosto, desde las 04:00 de la tarde, que iniciar\u00e1n con el cierre parcial de las\u00a0<strong>Avenidas Uxmal<\/strong>,\u00a0<strong>Yaxchil\u00e1n<\/strong>\u00a0y\u00a0<strong>C. Gladiolas<\/strong>, as\u00ed como\u00a0<strong>Saramullo<\/strong>.\u00a0 Adem\u00e1s, la glorieta de las Avenidas Yaxchel\u00e1n con Sunyaxchen estar\u00e1 cerrada parcialmente tres dias, hasta el domingo 6 de agosto.<\/p>\n<p>La Calenda dar\u00e1 inicio a las 06:00 de la tarde y partir\u00e1 desde la Av. Uxmal hacia el parque de las Palapas. Autoridades municipales espera que en la\u00a0<em>\u201cGuelaguetza Canc\u00fan\u201d haya una participaci\u00f3n de\u00a0\u00a0<\/em>200 personas en el recorrido.<\/p>\n<div class=\"google-auto-placed ap_container\">\n<p>El cierre de la glorieta de las Avs. Yaxchelan con Sunyaxchen incipio desde la tarde del jueves 3 de agosto a las 23:00 hrs.y durar\u00e1 hasta el domingo 6 de agosto.<\/p>\n<h2>Baile y mucho m\u00e1s\u2026<\/h2>\n<p>El ambiente festivo estar\u00e1 en su punto m\u00e1ximo con diversas\u00a0<strong>presentaciones de danzas oaxaque\u00f1as<\/strong>, una emocionante calenda oaxaque\u00f1a, impresionantes muestras de talento, un concierto de la\u00a0<strong>Banda Filarm\u00f3nica Infantil<\/strong>\u00a0y\u00a0<strong>Juvenil de Santa Cruz Xoxocotl\u00e1n Oaxaca<\/strong>, emocionantes\u00a0<strong>luchas libres<\/strong>\u00a0y divertidos juegos mec\u00e1nicos.<\/p>\n<div id=\"div-gpt-ad-inread-4-64cd2ec051bb7e0014f97dab\" data-name=\"inread\" data-size=\"[[336,250], [300,250]]\" data-google-query-id=\"CNq5jpj-w4ADFYm0hgod54UAHQ\">\n<div id=\"google_ads_iframe_\/4334274\/inread_3__container__\"><\/div>\n<\/div>\n<p>La &#8220;Guelaguetza Canc\u00fan&#8221; promete ser un encuentro inolvidable, enriquecido por la diversidad cultural que une a todos los cancunenses y visitantes en un ambiente de armon\u00eda y tradici\u00f3n.<\/p>\n<h2>Conoce el programa de la Guelaguetza en Canc\u00fan<\/h2>\n<p>Todas estas actividades se desarrollar\u00e1n entre las 16:00 y las 23:00 horas, para garantizar horas de diversi\u00f3n para toda la familia.<\/p>\n<\/div>\n<\/div>\n<\/div>\n","protected":false},"excerpt":{"rendered":"<p>Las calles de municipio estar\u00e1n cerradas parcialmente por tres d\u00edas ante el festejo originario de&#8230;<\/p>\n","protected":false},"author":1,"featured_media":17841,"comment_status":"open","ping_status":"closed","sticky":false,"template":"","format":"standard","meta":{"footnotes":""},"categories":[2],"tags":[],"class_list":["post-17839","post","type-post","status-publish","format-standard","has-post-thumbnail","hentry","category-local"],"_links":{"self":[{"href":"https:\/\/xn--huracnpolmicocancnquintanaroo-knc6wmu.com\/index.php?rest_route=\/wp\/v2\/posts\/17839","targetHints":{"allow":["GET"]}}],"collection":[{"href":"https:\/\/xn--huracnpolmicocancnquintanaroo-knc6wmu.com\/index.php?rest_route=\/wp\/v2\/posts"}],"about":[{"href":"https:\/\/xn--huracnpolmicocancnquintanaroo-knc6wmu.com\/index.php?rest_route=\/wp\/v2\/types\/post"}],"author":[{"embeddable":true,"href":"https:\/\/xn--huracnpolmicocancnquintanaroo-knc6wmu.com\/index.php?rest_route=\/wp\/v2\/users\/1"}],"replies":[{"embeddable":true,"href":"https:\/\/xn--huracnpolmicocancnquintanaroo-knc6wmu.com\/index.php?rest_route=%2Fwp%2Fv2%2Fcomments&post=17839"}],"version-history":[{"count":1,"href":"https:\/\/xn--huracnpolmicocancnquintanaroo-knc6wmu.com\/index.php?rest_route=\/wp\/v2\/posts\/17839\/revisions"}],"predecessor-version":[{"id":17840,"href":"https:\/\/xn--huracnpolmicocancnquintanaroo-knc6wmu.com\/index.php?rest_route=\/wp\/v2\/posts\/17839\/revisions\/17840"}],"wp:featuredmedia":[{"embeddable":true,"href":"https:\/\/xn--huracnpolmicocancnquintanaroo-knc6wmu.com\/index.php?rest_route=\/wp\/v2\/media\/17841"}],"wp:attachment":[{"href":"https:\/\/xn--huracnpolmicocancnquintanaroo-knc6wmu.com\/index.php?rest_route=%2Fwp%2Fv2%2Fmedia&parent=17839"}],"wp:term":[{"taxonomy":"category","embeddable":true,"href":"https:\/\/xn--huracnpolmicocancnquintanaroo-knc6wmu.com\/index.php?rest_route=%2Fwp%2Fv2%2Fcategories&post=17839"},{"taxonomy":"post_tag","embeddable":true,"href":"https:\/\/xn--huracnpolmicocancnquintanaroo-knc6wmu.com\/index.php?rest_route=%2Fwp%2Fv2%2Ftags&post=17839"}],"curies":[{"name":"wp","href":"https:\/\/api.w.org\/{rel}","templated":true}]}}