{"id":17920,"date":"2023-08-08T17:34:03","date_gmt":"2023-08-08T22:34:03","guid":{"rendered":"https:\/\/xn--huracnpolmicocancnquintanaroo-knc6wmu.com\/?p=17920"},"modified":"2023-08-08T22:34:04","modified_gmt":"2023-08-08T22:34:04","slug":"faltan-choferes-para-cubrir-el-transporte-publico-en-cancun","status":"publish","type":"post","link":"https:\/\/xn--huracnpolmicocancnquintanaroo-knc6wmu.com\/?p=17920","title":{"rendered":"Faltan choferes para cubrir el transporte p\u00fablico en Canc\u00fan"},"content":{"rendered":"<div>\n<div class=\"row m-b-15\">\n<div class=\"col-xs-12 col-sm-12 col-md-12 col-lg-12\">\n<h4 class=\"introduction\" style=\"text-align: center;\">Las empresas solicitan por lo menos 200 operadores, ante el crecimiento de la ciudad.<\/h4>\n<\/div>\n<\/div>\n<\/div>\n<div class=\"row m-b-25\">\n<div class=\"col-xs-12 col-sm-12 col-md-12 col-lg-12 info-extra-new\">\n<p>M\u00e1s de 200\u00a0<strong>operadores de transporte p\u00fablico<\/strong>\u00a0se requieren en Canc\u00fan para cubrir las rutas disponibles por el crecimiento de la ciudad, por lo que las empresas est\u00e1n reclutando a choferes.<\/p>\n<p>Julio Anaya, auxiliar de reclutamiento y selecci\u00f3n de la empresa Autocar, dijo que en total, entre operativos y administrativos, se est\u00e1n requiriendo 240 personas, la mayor\u00eda operadores; incluso, para poder captar al personal, cuentan con un semillero de conductores para entrenar a los nuevos choferes.<\/p>\n<blockquote><p><cite><em>\u201cLa empresa tiene un proyecto de crecimiento en el que se estar\u00e1n aplicando rutas en la ciudad, es por ello que se requieren m\u00e1s operadores para poder cubrir los diferentes turnos, con ello poder atender la demanda de movilidad que se tiene\u201d<\/em><\/cite>, agreg\u00f3.<\/p><\/blockquote>\n<div id=\"div-gpt-ad-inread-64d269b851bb7e0014f97fae\" data-name=\"inread\" data-size=\"[[336,250], [300,250]]\" data-google-query-id=\"CL2kov-OzoADFRqQWgUd4BkCrA\">\n<div id=\"google_ads_iframe_\/4334274\/inread_0__container__\"><\/div>\n<\/div>\n<p>Para poder impulsarlo, se est\u00e1n ofreciendo desde\u00a0<strong>comisiones diarias<\/strong>,\u00a0<strong>pago semanal<\/strong>,\u00a0<strong>uniformes\u00a0<\/strong>y\u00a0<strong>seguridad social<\/strong>.<\/p>\n<p>Dijo que para continuar con la carrera, desde la empresa han creado un proyecto denominado Semillero, para formar\u00a0<strong>nuevas generaciones de operadores, el cual est\u00e1 abierto para personas de 19 a\u00f1os de edad en adelante<\/strong>, que sepan manejar est\u00e1ndar.<\/p>\n<p>Actualmente, hay<strong>\u00a040 rutas en la ciudad\u00a0<\/strong>que se cubren para atender el tema de movilidad de la ciudadan\u00eda, y se tiene proyectos para hacer m\u00e1s f\u00e1cil el trayecto, esto mediante la incorporaci\u00f3n de nuevas unidades.<\/p>\n<p>Incluso, est\u00e1 el proyecto de<strong>\u00a0cambiar las unidades por unas m\u00e1s amigables con el medio ambiente<\/strong>, en las que se estar\u00e1 impulsando 120 camiones h\u00edbridos.<\/p>\n<div id=\"div-gpt-ad-inread-2-64d269b851bb7e0014f97fae\" data-name=\"inread\" data-size=\"[[336,250], [300,250]]\" data-google-query-id=\"CI-lpP-OzoADFYWEWgUduUoNLw\">\n<div id=\"google_ads_iframe_\/4334274\/inread_1__container__\"><\/div>\n<\/div>\n<p>Sin embargo, al igual que en los dem\u00e1s sectores, est\u00e1n padeciendo un d\u00e9ficit de personal para cubrir las vacantes, ya que adem\u00e1s de los operadores, hay 40 vacantes m\u00e1s, pero en el tema administrativo.<\/p>\n<\/div>\n<\/div>\n","protected":false},"excerpt":{"rendered":"<p>Las empresas solicitan por lo menos 200 operadores, ante el crecimiento de la ciudad. M\u00e1s&#8230;<\/p>\n","protected":false},"author":1,"featured_media":17922,"comment_status":"open","ping_status":"closed","sticky":false,"template":"","format":"standard","meta":{"footnotes":""},"categories":[2],"tags":[],"class_list":["post-17920","post","type-post","status-publish","format-standard","has-post-thumbnail","hentry","category-local"],"_links":{"self":[{"href":"https:\/\/xn--huracnpolmicocancnquintanaroo-knc6wmu.com\/index.php?rest_route=\/wp\/v2\/posts\/17920","targetHints":{"allow":["GET"]}}],"collection":[{"href":"https:\/\/xn--huracnpolmicocancnquintanaroo-knc6wmu.com\/index.php?rest_route=\/wp\/v2\/posts"}],"about":[{"href":"https:\/\/xn--huracnpolmicocancnquintanaroo-knc6wmu.com\/index.php?rest_route=\/wp\/v2\/types\/post"}],"author":[{"embeddable":true,"href":"https:\/\/xn--huracnpolmicocancnquintanaroo-knc6wmu.com\/index.php?rest_route=\/wp\/v2\/users\/1"}],"replies":[{"embeddable":true,"href":"https:\/\/xn--huracnpolmicocancnquintanaroo-knc6wmu.com\/index.php?rest_route=%2Fwp%2Fv2%2Fcomments&post=17920"}],"version-history":[{"count":1,"href":"https:\/\/xn--huracnpolmicocancnquintanaroo-knc6wmu.com\/index.php?rest_route=\/wp\/v2\/posts\/17920\/revisions"}],"predecessor-version":[{"id":17921,"href":"https:\/\/xn--huracnpolmicocancnquintanaroo-knc6wmu.com\/index.php?rest_route=\/wp\/v2\/posts\/17920\/revisions\/17921"}],"wp:featuredmedia":[{"embeddable":true,"href":"https:\/\/xn--huracnpolmicocancnquintanaroo-knc6wmu.com\/index.php?rest_route=\/wp\/v2\/media\/17922"}],"wp:attachment":[{"href":"https:\/\/xn--huracnpolmicocancnquintanaroo-knc6wmu.com\/index.php?rest_route=%2Fwp%2Fv2%2Fmedia&parent=17920"}],"wp:term":[{"taxonomy":"category","embeddable":true,"href":"https:\/\/xn--huracnpolmicocancnquintanaroo-knc6wmu.com\/index.php?rest_route=%2Fwp%2Fv2%2Fcategories&post=17920"},{"taxonomy":"post_tag","embeddable":true,"href":"https:\/\/xn--huracnpolmicocancnquintanaroo-knc6wmu.com\/index.php?rest_route=%2Fwp%2Fv2%2Ftags&post=17920"}],"curies":[{"name":"wp","href":"https:\/\/api.w.org\/{rel}","templated":true}]}}