{"id":18049,"date":"2023-08-14T12:03:23","date_gmt":"2023-08-14T17:03:23","guid":{"rendered":"https:\/\/xn--huracnpolmicocancnquintanaroo-knc6wmu.com\/?p=18049"},"modified":"2023-08-14T17:03:32","modified_gmt":"2023-08-14T17:03:32","slug":"lopez-obrador-afirma-que-acataran-la-decision-que-frena-la-entrega-de-los-nuevos-libros-de-texto-en-chihuahua","status":"publish","type":"post","link":"https:\/\/xn--huracnpolmicocancnquintanaroo-knc6wmu.com\/?p=18049","title":{"rendered":"L\u00f3pez Obrador afirma que acatar\u00e1n la decisi\u00f3n que frena la entrega de los nuevos libros de texto en Chihuahua"},"content":{"rendered":"<p>El presidente de M\u00e9xico, Andr\u00e9s Manuel L\u00f3pez Obrador, ha confirmado este lunes que el Gobierno acatar\u00e1 la orden del Tribunal Supremo de Justicia y suspender\u00e1 la distribuci\u00f3n en el estado de Chihuahua de los nuevos y controvertidos libros de texto elaborados por el Ministerio de Educaci\u00f3n para el pr\u00f3ximo curso.<\/p>\n<p>L\u00f3pez Obrador, no obstante, ha reprochado a la gobernadora de Chihuahua, Maru Campos Galv\u00e1n, su &#8220;irresponsable&#8221; decisi\u00f3n de presentar una recurso contra la distribuci\u00f3n de este material, cuyo contenido ha sido criticado por la oposici\u00f3n y algunos sectores de la comunidad educativa.<\/p>\n<p>&#8220;Estamos ante un caso especial de una gobernadora muy reaccionaria, conservadora irresponsable y politiquera que presenta una controversia para que no se entregue los libros a los ni\u00f1os en Chihuahua&#8221;, ha mostrado su malestar el mandatario.<\/p>\n<p>Al mismo tiempo, ha calificado de &#8220;deshonesto&#8221; al juez del Tribunal Supremo Luis Mar\u00eda Aguilar por haber tomado en consideraci\u00f3n esta denuncia y ordenar que se detuviera la distribuci\u00f3n del material escolar, dejando &#8220;sin libros de textos a los ni\u00f1os y a los estudiantes de Chihuahua&#8221;.<\/p>\n<p>&#8220;\u00bfQu\u00e9 vamos a hacer? Pues vamos a respetar esa decisi\u00f3n aun cuando es facultad del Poder Ejecutivo Federal la elaboraci\u00f3n, la distribuci\u00f3n de los libro de texto. Es un mandato constitucional pero vamos a detener la distribuci\u00f3n de los libros de texto en Chihuahua&#8221;, ha zanjado el presidente mexicano.<\/p>\n<p>L\u00f3pez Obrador ha vuelto a acusar a la oposici\u00f3n de utilizar este asunto de los nuevos libros de texto con fines electorales. &#8220;Ya est\u00e1n queriendo manipular&#8221;, ha dicho, con vistas a las elecciones generales de 2024. &#8220;Todo es politiquer\u00eda&#8221;, ha recalcado durante su comparecencia matutina de este lunes ante los medios.<\/p>\n<aside class=\"add add-300 centeradv\">\n<div id=\"Left4\" data-google-query-id=\"CPTc1Y7Q3IADFQmiWgUdlTUGHw\">\n<p>&#8220;Esto de los libros de texto, hay una persona, que no voy a mencionar, pero jerarca, que dice &#8216;no he le\u00eddo ni voy a leer los libros de texto, pero estoy en contra porque son comunistas&#8217; (&#8230;) eso es una mentalidad muy retrograda. Qu\u00e9 culpa tienen los ni\u00f1os&#8221;, ha dicho L\u00f3pez Obrador en referencia al presidente del Partido Acci\u00f3n Nacional (PAN), Marko Cort\u00e9s.<\/p>\n<p>&#8220;El dirigente del PAN lleg\u00f3 a decir que se arrancaran las hojas. \u00bfCu\u00e1les hojas van a arrancar? Tampoco los ha le\u00eddo, y todo es politiquer\u00eda, porque como vienen las elecciones ya est\u00e1n queriendo manipular. Nada m\u00e1s que la gente ha tomado conciencia y por eso tenemos que seguir adelante&#8221;, ha defendido.<\/p>\n<p>Chihuahua es uno de los estados, junto a Jalisco o Guanajuato, en los que no gobierna Morena, que adelant\u00f3 que se opondr\u00eda a la distribuci\u00f3n de estos libros. La oposici\u00f3n y algunos sectores de la comunidad educativa consideran que los libros est\u00e1n plagados de inexactitudes, condensa demasiado algunas asignaturas, o bien no siguen un plan de estudios definidos, algo que rechaza el Gobierno. &#8220;Han sido elaborados por docentes y expertos&#8221;, asever\u00f3 L\u00f3pez Obrador.<\/p>\n<\/div>\n<\/aside>\n","protected":false},"excerpt":{"rendered":"<p>El presidente de M\u00e9xico, Andr\u00e9s Manuel L\u00f3pez Obrador, ha confirmado este lunes que el Gobierno&#8230;<\/p>\n","protected":false},"author":1,"featured_media":18051,"comment_status":"open","ping_status":"closed","sticky":false,"template":"","format":"standard","meta":{"footnotes":""},"categories":[12],"tags":[],"class_list":["post-18049","post","type-post","status-publish","format-standard","has-post-thumbnail","hentry","category-nacional"],"_links":{"self":[{"href":"https:\/\/xn--huracnpolmicocancnquintanaroo-knc6wmu.com\/index.php?rest_route=\/wp\/v2\/posts\/18049","targetHints":{"allow":["GET"]}}],"collection":[{"href":"https:\/\/xn--huracnpolmicocancnquintanaroo-knc6wmu.com\/index.php?rest_route=\/wp\/v2\/posts"}],"about":[{"href":"https:\/\/xn--huracnpolmicocancnquintanaroo-knc6wmu.com\/index.php?rest_route=\/wp\/v2\/types\/post"}],"author":[{"embeddable":true,"href":"https:\/\/xn--huracnpolmicocancnquintanaroo-knc6wmu.com\/index.php?rest_route=\/wp\/v2\/users\/1"}],"replies":[{"embeddable":true,"href":"https:\/\/xn--huracnpolmicocancnquintanaroo-knc6wmu.com\/index.php?rest_route=%2Fwp%2Fv2%2Fcomments&post=18049"}],"version-history":[{"count":1,"href":"https:\/\/xn--huracnpolmicocancnquintanaroo-knc6wmu.com\/index.php?rest_route=\/wp\/v2\/posts\/18049\/revisions"}],"predecessor-version":[{"id":18050,"href":"https:\/\/xn--huracnpolmicocancnquintanaroo-knc6wmu.com\/index.php?rest_route=\/wp\/v2\/posts\/18049\/revisions\/18050"}],"wp:featuredmedia":[{"embeddable":true,"href":"https:\/\/xn--huracnpolmicocancnquintanaroo-knc6wmu.com\/index.php?rest_route=\/wp\/v2\/media\/18051"}],"wp:attachment":[{"href":"https:\/\/xn--huracnpolmicocancnquintanaroo-knc6wmu.com\/index.php?rest_route=%2Fwp%2Fv2%2Fmedia&parent=18049"}],"wp:term":[{"taxonomy":"category","embeddable":true,"href":"https:\/\/xn--huracnpolmicocancnquintanaroo-knc6wmu.com\/index.php?rest_route=%2Fwp%2Fv2%2Fcategories&post=18049"},{"taxonomy":"post_tag","embeddable":true,"href":"https:\/\/xn--huracnpolmicocancnquintanaroo-knc6wmu.com\/index.php?rest_route=%2Fwp%2Fv2%2Ftags&post=18049"}],"curies":[{"name":"wp","href":"https:\/\/api.w.org\/{rel}","templated":true}]}}