{"id":18058,"date":"2023-08-14T12:27:01","date_gmt":"2023-08-14T17:27:01","guid":{"rendered":"https:\/\/xn--huracnpolmicocancnquintanaroo-knc6wmu.com\/?p=18058"},"modified":"2023-08-14T17:27:02","modified_gmt":"2023-08-14T17:27:02","slug":"tacos-gratis-en-cancun-fecha-para-degustar-este-manjar-en-el-malecon-tajamar","status":"publish","type":"post","link":"https:\/\/xn--huracnpolmicocancnquintanaroo-knc6wmu.com\/?p=18058","title":{"rendered":"\u00a1Tacos gratis! en Canc\u00fan: fecha para degustar este manjar en el Malec\u00f3n Tajamar"},"content":{"rendered":"<header class=\"main-article--header\">\n<h4 class=\"bajada\" style=\"text-align: center;\">M\u00e1s de 20 taquer\u00edas se unir\u00e1n para realizar el &#8216;Festival del Taco&#8217; en Canc\u00fan, la cual espera reunir a m\u00e1s de 10 mil personas.<\/h4>\n<\/header>\n<div class=\"margen-top1\">\n<p>El pr\u00f3ximo<strong>\u00a023 de agosto<\/strong>, Canc\u00fan ser\u00e1 sede del\u00a0<strong>Festival del Taco<\/strong>,\u00a020 de las taquer\u00edas m\u00e1s conocidas en la ciudad\u00a0se unir\u00e1n en\u00a0<strong>Malec\u00f3n Tajamar<\/strong>\u00a0para celebrar este fest\u00edn de sabores que deleitar\u00e1 a todos los asistentes con una\u00a0<strong>variedad\u00a0<\/strong>infinita de opciones de\u00a0uno de los platillos m\u00e1s emblem\u00e1ticos de M\u00e9xico.<\/p>\n<div class=\"image-align-center\">\n<p>Este evento ser\u00e1 familiar y\u00a0<strong>gratuito<\/strong>, la \u00fanica condici\u00f3n ser\u00e1 que los participantes lleven sus\u00a0<strong>propios platos<\/strong>\u00a0para disminuir el uso de utensilios\u00a0desechables, los asistentes podr\u00e1n obtener una\u00a0orden de\u00a0<strong>cuatro tacos<\/strong>\u00a0por cada taquer\u00eda presente. Si bien no habr\u00e1 l\u00edmites en la cantidad de\u00a0<strong>tacos\u00a0<\/strong>que se puedan degustar, se enfatiza la importancia de mantener un\u00a0<strong>orden\u00a0<\/strong>en las filas para asegurar una experiencia fluida y placentera para todos.<\/p>\n<div class=\"image-align-center\">\n<p><strong>Diana Massa<\/strong>, organizadora del evento, se\u00f1al\u00f3 que los asistentes tambi\u00e9n podr\u00e1n explorar un\u00a0<strong>bazar de artesan\u00edas<\/strong>\u00a0presentado por j\u00f3venes emprendedores, este bazar tiene como objetivo promover la\u00a0<strong>econom\u00eda local<\/strong>\u00a0y dar visibilidad a las habilidades creativas de la comunidad.<\/p>\n<div class=\"content-banner\">\n<p>Seg\u00fan estimaciones se espera repartir m\u00e1s de\u00a0<strong>64 mil tacos<\/strong>\u00a0de manera gratuita a los asistentes a este\u00a0<strong>Festival del Taco<\/strong>, se espera la asistencia de m\u00e1s de\u00a0<strong>10 mil personas<\/strong>\u00a0en este evento que se realizar\u00e1\u00a0a las\u00a0<strong>5:00 PM<\/strong>\u00a0de este mi\u00e9rcoles\u00a0<strong>23 de agosto<\/strong>\u00a0en el\u00a0<strong>Malec\u00f3n Tajamar de Canc\u00fan<\/strong>.<\/p>\n<div class=\"content-banner\"><\/div>\n<\/div>\n<\/div>\n<\/div>\n<\/div>\n<div class=\"main-article--body\"><\/div>\n","protected":false},"excerpt":{"rendered":"<p>M\u00e1s de 20 taquer\u00edas se unir\u00e1n para realizar el &#8216;Festival del Taco&#8217; en Canc\u00fan, la&#8230;<\/p>\n","protected":false},"author":1,"featured_media":18060,"comment_status":"open","ping_status":"closed","sticky":false,"template":"","format":"standard","meta":{"footnotes":""},"categories":[2],"tags":[],"class_list":["post-18058","post","type-post","status-publish","format-standard","has-post-thumbnail","hentry","category-local"],"_links":{"self":[{"href":"https:\/\/xn--huracnpolmicocancnquintanaroo-knc6wmu.com\/index.php?rest_route=\/wp\/v2\/posts\/18058","targetHints":{"allow":["GET"]}}],"collection":[{"href":"https:\/\/xn--huracnpolmicocancnquintanaroo-knc6wmu.com\/index.php?rest_route=\/wp\/v2\/posts"}],"about":[{"href":"https:\/\/xn--huracnpolmicocancnquintanaroo-knc6wmu.com\/index.php?rest_route=\/wp\/v2\/types\/post"}],"author":[{"embeddable":true,"href":"https:\/\/xn--huracnpolmicocancnquintanaroo-knc6wmu.com\/index.php?rest_route=\/wp\/v2\/users\/1"}],"replies":[{"embeddable":true,"href":"https:\/\/xn--huracnpolmicocancnquintanaroo-knc6wmu.com\/index.php?rest_route=%2Fwp%2Fv2%2Fcomments&post=18058"}],"version-history":[{"count":1,"href":"https:\/\/xn--huracnpolmicocancnquintanaroo-knc6wmu.com\/index.php?rest_route=\/wp\/v2\/posts\/18058\/revisions"}],"predecessor-version":[{"id":18059,"href":"https:\/\/xn--huracnpolmicocancnquintanaroo-knc6wmu.com\/index.php?rest_route=\/wp\/v2\/posts\/18058\/revisions\/18059"}],"wp:featuredmedia":[{"embeddable":true,"href":"https:\/\/xn--huracnpolmicocancnquintanaroo-knc6wmu.com\/index.php?rest_route=\/wp\/v2\/media\/18060"}],"wp:attachment":[{"href":"https:\/\/xn--huracnpolmicocancnquintanaroo-knc6wmu.com\/index.php?rest_route=%2Fwp%2Fv2%2Fmedia&parent=18058"}],"wp:term":[{"taxonomy":"category","embeddable":true,"href":"https:\/\/xn--huracnpolmicocancnquintanaroo-knc6wmu.com\/index.php?rest_route=%2Fwp%2Fv2%2Fcategories&post=18058"},{"taxonomy":"post_tag","embeddable":true,"href":"https:\/\/xn--huracnpolmicocancnquintanaroo-knc6wmu.com\/index.php?rest_route=%2Fwp%2Fv2%2Ftags&post=18058"}],"curies":[{"name":"wp","href":"https:\/\/api.w.org\/{rel}","templated":true}]}}