{"id":18136,"date":"2023-08-19T18:13:15","date_gmt":"2023-08-19T23:13:15","guid":{"rendered":"https:\/\/xn--huracnpolmicocancnquintanaroo-knc6wmu.com\/?p=18136"},"modified":"2023-08-19T23:13:16","modified_gmt":"2023-08-19T23:13:16","slug":"cancun-presos-aprenderan-un-oficio-para-ayudarles-en-su-rehabilitacion","status":"publish","type":"post","link":"https:\/\/xn--huracnpolmicocancnquintanaroo-knc6wmu.com\/?p=18136","title":{"rendered":"Canc\u00fan: presos aprender\u00e1n un oficio para ayudarles en su rehabilitaci\u00f3n"},"content":{"rendered":"<div>\n<div class=\"row m-b-15\">\n<div class=\"col-xs-12 col-sm-12 col-md-12 col-lg-12\">\n<h4 class=\"introduction\" style=\"text-align: center;\">Quintana Roo implementar\u00e1 en el Cereso de Canc\u00fan un programa piloto para la ense\u00f1anza de oficios y emprendimiento.<\/h4>\n<\/div>\n<\/div>\n<\/div>\n<div class=\"row m-b-25\">\n<div class=\"col-xs-12 col-sm-12 col-md-12 col-lg-12 info-extra-new\">\n<p>M\u00e1s de 900 presos en las\u00a0<strong>c\u00e1rceles de Quintana Roo<\/strong>\u00a0podr\u00e1n certificarse en diferentes oficios, en busca de una mejor reintegraci\u00f3n social.<\/p>\n<p>El programa lo ejecutar\u00e1 el Instituto de Capacitaci\u00f3n para el Trabajo en convenio con la Fundaci\u00f3n Desde Cero, y arrancar\u00e1 con internos del\u00a0<strong>Centro de Reinserci\u00f3n Social (Cereso) de Canc\u00fan<\/strong>.<\/p>\n<p>Apolo Armenta Parga, subsecretario de Ejecuci\u00f3n de Penas, explic\u00f3 que arrancar\u00e1n con 450 internos, de \u00e9stos,\u00a0<strong>80 son mujeres que ser\u00e1n certificadas<\/strong> en oficios que ya conocen, con la finalidad de que as\u00ed puedan seguir avanzando en su capacitaci\u00f3n.<\/p>\n<p>\u201cEl centro penitenciario de Canc\u00fan es uno de los m\u00e1s poblados y es por ello que se decidi\u00f3 arrancar con este programa piloto y establecer este programa de certificaci\u00f3n a quienes sepan sobre carpinter\u00eda, herrer\u00eda, plomer\u00eda, electricidad, y se van a implementar cursos nuevos de reposter\u00eda, primeros auxilios, reparaci\u00f3n de computadoras y con ello ampliar las posibilidades\u201d, mencion\u00f3<\/p>\n<div id=\"div-gpt-ad-inread-64e01f6851bb7e0014f98627\" data-name=\"inread\" data-size=\"[[336,250], [300,250]]\" data-google-query-id=\"COTa77De6YADFaOYgwgdp0oBDw\">\n<p><strong>Ser\u00e1n seis meses de trabajo<\/strong>\u00a0y posteriormente se extender\u00e1 el programa a Chetumal y Cozumel, donde seguir\u00e1n la alianza con la fundaci\u00f3n, la cual trabaja con centros penitenciarios desde 2018.<\/p>\n<p>Adelant\u00f3 que una vez que est\u00e9 funcionando, ampliar\u00e1n el trabajo\u00a0<strong>para que los internos puedan estudiar<\/strong>, y con ello aumentar sus oportunidades laborales.<\/p>\n<p>La firma de convenio ocurre tras la detecci\u00f3n de que, tras cumplir su condena, muchos de los\u00a0<strong>presos dif\u00edcilmente encuentran empleo<\/strong>, por lo que es una \u00e1rea de oportunidad para que puedan emprender e iniciar sus propios negocios.<\/p>\n<p>La certificaci\u00f3n estar\u00e1 avalada por la Secretar\u00eda de Educaci\u00f3n P\u00fablica as\u00ed como la Secretar\u00eda del Trabajo y Previsi\u00f3n Social.<\/p>\n<p>Jennyfer Alamilla L\u00f3pez, presidenta de la Fundaci\u00f3n Desde Cero, explic\u00f3 que uno de los objetivos que tienen es la educaci\u00f3n y capacitaci\u00f3n laboral, por ello se busca la manera de brindar herramientas indispensables que les permitan ser autosuficientes y crear su propio negocio o emplearse con mayor facilidad.<\/p>\n<p>Esto tambi\u00e9n es fundamental porque tener oportunidades y un futuro luego de cumplir una penitencia,\u00a0<strong>ayuda a reducir el \u00edndice de reincidencia.<\/strong><\/p>\n<section id=\"limit-stiky-64e01f6851bb7e0014f98627\" class=\"row\">\n<div class=\"col-xs-112 col-sm-10 col-md-10 col-lg-10\">\n<div class=\"row content-news-data-64e01f6851bb7e0014f98627\">\n<div class=\"col-xs-12 col-sm-12 col-md-12 col-lg-12 cuerpo-nota\">\n<p>Hasta mayo de este 2023, en las c\u00e1rceles de Quintana Roo estaban recluidas tres mil 633 personas, la mayor\u00eda (3,304) por delitos del fuero com\u00fan y el resto, federales.<\/p>\n<\/div>\n<\/div>\n<\/div>\n<\/section>\n<section class=\"row\">\n<div class=\"col-xs-4 col-sm-14 col-md-4 col-lg-4\">\n<div class=\"btn-seguinos-gnews\"><\/div>\n<\/div>\n<\/section>\n<\/div>\n<\/div>\n<\/div>\n","protected":false},"excerpt":{"rendered":"<p>Quintana Roo implementar\u00e1 en el Cereso de Canc\u00fan un programa piloto para la ense\u00f1anza de&#8230;<\/p>\n","protected":false},"author":1,"featured_media":18138,"comment_status":"open","ping_status":"closed","sticky":false,"template":"","format":"standard","meta":{"footnotes":""},"categories":[2],"tags":[],"class_list":["post-18136","post","type-post","status-publish","format-standard","has-post-thumbnail","hentry","category-local"],"_links":{"self":[{"href":"https:\/\/xn--huracnpolmicocancnquintanaroo-knc6wmu.com\/index.php?rest_route=\/wp\/v2\/posts\/18136","targetHints":{"allow":["GET"]}}],"collection":[{"href":"https:\/\/xn--huracnpolmicocancnquintanaroo-knc6wmu.com\/index.php?rest_route=\/wp\/v2\/posts"}],"about":[{"href":"https:\/\/xn--huracnpolmicocancnquintanaroo-knc6wmu.com\/index.php?rest_route=\/wp\/v2\/types\/post"}],"author":[{"embeddable":true,"href":"https:\/\/xn--huracnpolmicocancnquintanaroo-knc6wmu.com\/index.php?rest_route=\/wp\/v2\/users\/1"}],"replies":[{"embeddable":true,"href":"https:\/\/xn--huracnpolmicocancnquintanaroo-knc6wmu.com\/index.php?rest_route=%2Fwp%2Fv2%2Fcomments&post=18136"}],"version-history":[{"count":1,"href":"https:\/\/xn--huracnpolmicocancnquintanaroo-knc6wmu.com\/index.php?rest_route=\/wp\/v2\/posts\/18136\/revisions"}],"predecessor-version":[{"id":18137,"href":"https:\/\/xn--huracnpolmicocancnquintanaroo-knc6wmu.com\/index.php?rest_route=\/wp\/v2\/posts\/18136\/revisions\/18137"}],"wp:featuredmedia":[{"embeddable":true,"href":"https:\/\/xn--huracnpolmicocancnquintanaroo-knc6wmu.com\/index.php?rest_route=\/wp\/v2\/media\/18138"}],"wp:attachment":[{"href":"https:\/\/xn--huracnpolmicocancnquintanaroo-knc6wmu.com\/index.php?rest_route=%2Fwp%2Fv2%2Fmedia&parent=18136"}],"wp:term":[{"taxonomy":"category","embeddable":true,"href":"https:\/\/xn--huracnpolmicocancnquintanaroo-knc6wmu.com\/index.php?rest_route=%2Fwp%2Fv2%2Fcategories&post=18136"},{"taxonomy":"post_tag","embeddable":true,"href":"https:\/\/xn--huracnpolmicocancnquintanaroo-knc6wmu.com\/index.php?rest_route=%2Fwp%2Fv2%2Ftags&post=18136"}],"curies":[{"name":"wp","href":"https:\/\/api.w.org\/{rel}","templated":true}]}}