{"id":18436,"date":"2023-09-04T18:53:50","date_gmt":"2023-09-04T23:53:50","guid":{"rendered":"https:\/\/xn--huracnpolmicocancnquintanaroo-knc6wmu.com\/?p=18436"},"modified":"2023-09-04T23:53:51","modified_gmt":"2023-09-04T23:53:51","slug":"inauguran-obras-viales-en-cancun","status":"publish","type":"post","link":"https:\/\/xn--huracnpolmicocancnquintanaroo-knc6wmu.com\/?p=18436","title":{"rendered":"Inauguran obras viales en Canc\u00fan"},"content":{"rendered":"<div class=\"jsx-3315747106 \">\n<p>Se trata de la rehabilitaci\u00f3n del Bulevar Colosio y del distribuidor vial del Aeropuerto Internacional de Canc\u00fan, cuya inversi\u00f3n conjunta fue de 1,500 millones de pesos.<\/p>\n<\/div>\n<div class=\"jsx-1921398030 newsbody\">\n<div class=\"jsx-670345696 share fixed\">\n<div class=\"jsx-670345696 \"><\/div>\n<\/div>\n<div class=\"jsx-1921398030\">\n<div class=\"jsx-1020194127\">\n<p class=\"jsx-3954459878\">Canc\u00fan, QR. La gobernadora Mara Lezama Espinosa y el presidente Andr\u00e9s Manuel L\u00f3pez Obrador cortaron ayer 4 de septiembre, el list\u00f3n inaugural de la rehabilitaci\u00f3n del Bulevar Colosio y del distribuidor vial del Aeropuerto Internacional de Canc\u00fan, cuya inversi\u00f3n conjunta fue de 1,500 millones de pesos.<\/p>\n<div id=\"espacio_teads\" class=\"jsx-1020194127 adNewChild fi-aic_250\"><\/div>\n<p class=\"jsx-3954459878\">La gobernadora agradeci\u00f3 al presidente y su equipo entregar estas dos obras dos meses antes del plazo inicial.<\/p>\n<p class=\"jsx-3954459878\">Por su parte, L\u00f3pez Obrador anticip\u00f3 que a\u00fan falta por introducir luminarias y banquetas en el Bulevar Colosio.<\/p>\n<p class=\"jsx-3954459878\">Todav\u00eda restan por inaugurar tres obras: el Puente Vehicular sobre la Laguna Nichupt\u00e9, la vialidad Chac Mool y, por instrucciones del presidente, la conexi\u00f3n Aeropuerto Canc\u00fan-Estaci\u00f3n Tren Maya.<\/p>\n<p class=\"jsx-3954459878\">Sobre la conexi\u00f3n entre la terminal a\u00e9rea y el Tren Maya, el titular de la Secretar\u00eda de Infraestructura, Comunicaciones y Transportes, Jorge Nu\u00f1o Lara, anunci\u00f3 que estar\u00e1 lista en noviembre pr\u00f3ximo.<\/p>\n<p class=\"jsx-3954459878 fi-aic_250\">Dicha obra consiste en un sistema de autobuses el\u00e9ctricos que circular\u00e1n por una camino perimetral que rodea las dos pistas del aeropuerto de Canc\u00fan, para enlazar a los pasajeros de la terminal con la estaci\u00f3n del Tren Maya.<\/p>\n<p class=\"jsx-3954459878\">Previo al acto, transportistas tur\u00edsticos con placas federales se manifestaron pac\u00edficamente en contra de Aeropuertos del Sureste (Asur), debido a la exigencia de nuevos requisitos para poder trabajar dentro de la terminal a\u00e9rea.<\/p>\n<p class=\"jsx-3954459878\">Roberto Rubio, presidente de la Asociaci\u00f3n Mexicana de Transportadoras Tur\u00edsticas, explic\u00f3 que la protesta es en contra de la sobrerregulaci\u00f3n impuesta por Asur para poder ingresar a las a\u00e9reas p\u00fablicas del aeropuerto para poder cargar pasaje. &#8220;Nos est\u00e1n pidiendo los recibos de n\u00f3mina timbrados de nuestros empleados\u201d.<\/p>\n<\/div>\n<\/div>\n<\/div>\n","protected":false},"excerpt":{"rendered":"<p>Se trata de la rehabilitaci\u00f3n del Bulevar Colosio y del distribuidor vial del Aeropuerto Internacional&#8230;<\/p>\n","protected":false},"author":1,"featured_media":18438,"comment_status":"open","ping_status":"closed","sticky":false,"template":"","format":"standard","meta":{"footnotes":""},"categories":[2],"tags":[],"class_list":["post-18436","post","type-post","status-publish","format-standard","has-post-thumbnail","hentry","category-local"],"_links":{"self":[{"href":"https:\/\/xn--huracnpolmicocancnquintanaroo-knc6wmu.com\/index.php?rest_route=\/wp\/v2\/posts\/18436","targetHints":{"allow":["GET"]}}],"collection":[{"href":"https:\/\/xn--huracnpolmicocancnquintanaroo-knc6wmu.com\/index.php?rest_route=\/wp\/v2\/posts"}],"about":[{"href":"https:\/\/xn--huracnpolmicocancnquintanaroo-knc6wmu.com\/index.php?rest_route=\/wp\/v2\/types\/post"}],"author":[{"embeddable":true,"href":"https:\/\/xn--huracnpolmicocancnquintanaroo-knc6wmu.com\/index.php?rest_route=\/wp\/v2\/users\/1"}],"replies":[{"embeddable":true,"href":"https:\/\/xn--huracnpolmicocancnquintanaroo-knc6wmu.com\/index.php?rest_route=%2Fwp%2Fv2%2Fcomments&post=18436"}],"version-history":[{"count":1,"href":"https:\/\/xn--huracnpolmicocancnquintanaroo-knc6wmu.com\/index.php?rest_route=\/wp\/v2\/posts\/18436\/revisions"}],"predecessor-version":[{"id":18437,"href":"https:\/\/xn--huracnpolmicocancnquintanaroo-knc6wmu.com\/index.php?rest_route=\/wp\/v2\/posts\/18436\/revisions\/18437"}],"wp:featuredmedia":[{"embeddable":true,"href":"https:\/\/xn--huracnpolmicocancnquintanaroo-knc6wmu.com\/index.php?rest_route=\/wp\/v2\/media\/18438"}],"wp:attachment":[{"href":"https:\/\/xn--huracnpolmicocancnquintanaroo-knc6wmu.com\/index.php?rest_route=%2Fwp%2Fv2%2Fmedia&parent=18436"}],"wp:term":[{"taxonomy":"category","embeddable":true,"href":"https:\/\/xn--huracnpolmicocancnquintanaroo-knc6wmu.com\/index.php?rest_route=%2Fwp%2Fv2%2Fcategories&post=18436"},{"taxonomy":"post_tag","embeddable":true,"href":"https:\/\/xn--huracnpolmicocancnquintanaroo-knc6wmu.com\/index.php?rest_route=%2Fwp%2Fv2%2Ftags&post=18436"}],"curies":[{"name":"wp","href":"https:\/\/api.w.org\/{rel}","templated":true}]}}