{"id":18439,"date":"2023-09-04T18:55:08","date_gmt":"2023-09-04T23:55:08","guid":{"rendered":"https:\/\/xn--huracnpolmicocancnquintanaroo-knc6wmu.com\/?p=18439"},"modified":"2023-09-04T23:55:10","modified_gmt":"2023-09-04T23:55:10","slug":"entrega-ana-paty-peralta-primeros-paquetes-de-utiles-escolares-gratuitos-en-cancun","status":"publish","type":"post","link":"https:\/\/xn--huracnpolmicocancnquintanaroo-knc6wmu.com\/?p=18439","title":{"rendered":"ENTREGA ANA PATY PERALTA PRIMEROS PAQUETES DE \u00daTILES ESCOLARES GRATUITOS EN CANC\u00daN"},"content":{"rendered":"<p style=\"font-weight: 400;\">Despu\u00e9s de tres a\u00f1os de no haberse entregado \u00fatiles escolares, a causa de la pandemia de COVID-19, a alumnos de nivel b\u00e1sico en escuelas p\u00fablicas en Benito Ju\u00e1rez, la Presidenta Municipal, Ana Paty Peralta, arranc\u00f3 este lunes con la entrega de 129 mil 019 paquetes a estudiantes de 428 instituciones educativas.<\/p>\n<p style=\"font-weight: 400;\">\n<p style=\"font-weight: 400;\">Esta importante entrega inici\u00f3 en las escuelas preescolar \u201c5 de Mayo\u201d y en primaria \u201cOtilio Monta\u00f1o\u201d, en la Colonia Tres Reyes, donde la Primera Autoridad Municipal expres\u00f3 estar muy contenta de poder apoyar la educaci\u00f3n y la econom\u00eda familiar de los cancunenses; as\u00ed como continuar trabajando de manera coordinada entre los tres \u00f3rdenes de gobierno, redoblando esfuerzos para seguir con la transformaci\u00f3n del municipio.<\/p>\n<p style=\"font-weight: 400;\">\n<p style=\"font-weight: 400;\">Ana Paty Peralta reiter\u00f3 que se van a entregar estos materiales en los niveles preescolar, primaria, secundaria y especial; los alumnos de este \u00faltimo segmento educativo por primera vez en Canc\u00fan recibir\u00e1n dicho apoyo por parte de la administraci\u00f3n municipal, comenzando por m\u00e1s de 500 estudiantes en dicha colonia, quienes de manera entusiasta recibieron sus \u00fatiles.<\/p>\n<p style=\"font-weight: 400;\">\n<p style=\"font-weight: 400;\">Adem\u00e1s de cuadernos, l\u00e1pices, tijeras, colores, borradores y sacapuntas, entre otros art\u00edculos escolares, la Primera Autoridad Municipal\u00a0 instruy\u00f3 colocar una tarjeta en cada una de las mochilas, con el mensaje: \u201cPara m\u00ed y todo el equipo del Ayuntamiento de Benito Ju\u00e1rez la educaci\u00f3n de ni\u00f1as, ni\u00f1os y j\u00f3venes es prioridad. Este paquete de \u00fatiles escolares y mochila es para que aprendas mucho y te diviertas en este regreso a clases\u201d.<\/p>\n<p style=\"font-weight: 400;\">\n<p style=\"font-weight: 400;\">Tambi\u00e9n exhort\u00f3 a maestras, maestros, pap\u00e1s y mam\u00e1s, a colaborar unidos por la educaci\u00f3n, el fortalecimiento y protecci\u00f3n de la ni\u00f1ez y juventud cancunense, ya que son el futuro de la ciudad.<\/p>\n<p style=\"font-weight: 400;\">\n<p style=\"font-weight: 400;\">Antes de la entrega de \u00fatiles se llevaron a cabo los honores a la bandera, en donde los alumnos respetuosos demostraron su cari\u00f1o hacia el l\u00e1baro patrio y con mucho orgullo entonaron los himnos Nacional Mexicano y de Quintana Roo.<\/p>\n","protected":false},"excerpt":{"rendered":"<p>Despu\u00e9s de tres a\u00f1os de no haberse entregado \u00fatiles escolares, a causa de la pandemia&#8230;<\/p>\n","protected":false},"author":1,"featured_media":18441,"comment_status":"open","ping_status":"closed","sticky":false,"template":"","format":"standard","meta":{"footnotes":""},"categories":[2],"tags":[],"class_list":["post-18439","post","type-post","status-publish","format-standard","has-post-thumbnail","hentry","category-local"],"_links":{"self":[{"href":"https:\/\/xn--huracnpolmicocancnquintanaroo-knc6wmu.com\/index.php?rest_route=\/wp\/v2\/posts\/18439","targetHints":{"allow":["GET"]}}],"collection":[{"href":"https:\/\/xn--huracnpolmicocancnquintanaroo-knc6wmu.com\/index.php?rest_route=\/wp\/v2\/posts"}],"about":[{"href":"https:\/\/xn--huracnpolmicocancnquintanaroo-knc6wmu.com\/index.php?rest_route=\/wp\/v2\/types\/post"}],"author":[{"embeddable":true,"href":"https:\/\/xn--huracnpolmicocancnquintanaroo-knc6wmu.com\/index.php?rest_route=\/wp\/v2\/users\/1"}],"replies":[{"embeddable":true,"href":"https:\/\/xn--huracnpolmicocancnquintanaroo-knc6wmu.com\/index.php?rest_route=%2Fwp%2Fv2%2Fcomments&post=18439"}],"version-history":[{"count":1,"href":"https:\/\/xn--huracnpolmicocancnquintanaroo-knc6wmu.com\/index.php?rest_route=\/wp\/v2\/posts\/18439\/revisions"}],"predecessor-version":[{"id":18440,"href":"https:\/\/xn--huracnpolmicocancnquintanaroo-knc6wmu.com\/index.php?rest_route=\/wp\/v2\/posts\/18439\/revisions\/18440"}],"wp:featuredmedia":[{"embeddable":true,"href":"https:\/\/xn--huracnpolmicocancnquintanaroo-knc6wmu.com\/index.php?rest_route=\/wp\/v2\/media\/18441"}],"wp:attachment":[{"href":"https:\/\/xn--huracnpolmicocancnquintanaroo-knc6wmu.com\/index.php?rest_route=%2Fwp%2Fv2%2Fmedia&parent=18439"}],"wp:term":[{"taxonomy":"category","embeddable":true,"href":"https:\/\/xn--huracnpolmicocancnquintanaroo-knc6wmu.com\/index.php?rest_route=%2Fwp%2Fv2%2Fcategories&post=18439"},{"taxonomy":"post_tag","embeddable":true,"href":"https:\/\/xn--huracnpolmicocancnquintanaroo-knc6wmu.com\/index.php?rest_route=%2Fwp%2Fv2%2Ftags&post=18439"}],"curies":[{"name":"wp","href":"https:\/\/api.w.org\/{rel}","templated":true}]}}