{"id":18579,"date":"2023-09-08T13:56:37","date_gmt":"2023-09-08T18:56:37","guid":{"rendered":"https:\/\/xn--huracnpolmicocancnquintanaroo-knc6wmu.com\/?p=18579"},"modified":"2023-09-08T18:56:38","modified_gmt":"2023-09-08T18:56:38","slug":"pederasta-succar-kuri-regresa-a-penal-de-cancun","status":"publish","type":"post","link":"https:\/\/xn--huracnpolmicocancnquintanaroo-knc6wmu.com\/?p=18579","title":{"rendered":"Pederasta Succar Kuri regresa a penal de Canc\u00fan"},"content":{"rendered":"<div class=\"sc__header mx-auto  lg:max-w-screen-lg \">\n<h4 class=\"subTitle text-2xl mb-5\" style=\"text-align: center;\">El empresario liban\u00e9s y pederasta confeso est\u00e1 sentenciado en 2013 a m\u00e1s de 100 a\u00f1os de prisi\u00f3n por los delitos de pornograf\u00eda sexual infantil y corrupci\u00f3n de menores<\/h4>\n<\/div>\n<div class=\"story-image mx-auto  lg:max-w-screen-lg\">Autoridades de Seguridad de\u00a0Quintana Roo\u00a0prev\u00e9n la llegada del pederasta confeso,\u00a0Jean Succar Kuri, a Canc\u00fan, al mediod\u00eda de hoy, luego de que el mes pasado, el magistrado del Poder Judicial del estado, Carlos Lima Carvajal, revocase la orden que posibilit\u00f3 su traslado de la c\u00e1rcel de esta ciudad, a un penal de m\u00e1xima seguridad localizado en Chiapas, en enero de este a\u00f1o<\/p>\n<p class=\"sc__font-paragraph\" data-mrf-recirculation=\"Enlaces P\u00e1rrafos (art\u00edculo)\">El empresario de origen liban\u00e9s viaj\u00f3 desde ayer del Aeropuerto de Tapachula, con direcci\u00f3n al Aeropuerto Internacional de la Ciudad de M\u00e9xico y destino final a Canc\u00fan.<\/p>\n<h2 class=\"sc__header\">VIDEO de traslado de Succar Kuri de Tapachula, Chiapas<\/h2>\n<p class=\"sc__font-paragraph\" data-mrf-recirculation=\"Enlaces P\u00e1rrafos (art\u00edculo)\">EL UNIVERSAL tuvo acceso al video de la salida de Succar Kuri de Tapachula Chiapas a la Ciudad de M\u00e9xico.<\/p>\n<p class=\"sc__font-paragraph\" data-mrf-recirculation=\"Enlaces P\u00e1rrafos (art\u00edculo)\">En el clip se puede ver que el se\u00f1or, acusado de pederast\u00eda, es un adulto mayor, al que le cuelga de la pierna una bolsa posiblemente, de su propia orina por di\u00e1lisis.<\/p>\n<p class=\"sc__font-paragraph\" data-mrf-recirculation=\"Enlaces P\u00e1rrafos (art\u00edculo)\">Agentes le ayudan a bajar de una unidad de polic\u00eda y lo apaoyan para que se siente en su silla de ruedas para llevarlo a un edificio.<\/p>\n<h2 class=\"sc__header\">\u00bfQui\u00e9n es Succar Kuri y su relaci\u00f3n con Mario Mar\u00edn el &#8220;Gober precioso&#8221;?<\/h2>\n<div id=\"browsi_adWrapper_ai_2_ati_1_rc_0\">\n<div id=\"browsi_adContainer_ai_2_ati_1_rc_0\" data-google-query-id=\"CJebnZ_Ym4EDFdWpWgUdCoUEvA\">\n<div id=\"google_ads_iframe_\/57778053,178068052\/eluniversal_W300xH250_1_default_2__container__\">\n<p class=\"sc__font-paragraph\" data-mrf-recirculation=\"Enlaces P\u00e1rrafos (art\u00edculo)\">El pasado 27 de enero,\u00a0<b>Succar Kuri<\/b>, sentenciado en 2013 a m\u00e1s de 100 a\u00f1os de prisi\u00f3n por los delitos de\u00a0<b>pornograf\u00eda sexual infantil<\/b>\u00a0y corrupci\u00f3n de menores en agravio de casi una decena de menores de edad, abandon\u00f3 la c\u00e1rcel de esta ciudad junto con otros 197 internos, entre los que se encontraba el ex gobernador de Puebla, Mario Mar\u00edn, a quien se dict\u00f3 \u2013en febrero del 2021\u2013 el auto de formal prisi\u00f3n como probable autor material de la tortura a la periodista, Lydia Cacho, en diciembre de 2005.<\/p>\n<p class=\"sc__font-paragraph\" data-mrf-recirculation=\"Enlaces P\u00e1rrafos (art\u00edculo)\">Mar\u00edn fue llevado al Centro Federal de Readaptaci\u00f3n Social 1 (Cefereso), conocido como el penal de m\u00e1xima seguridad de El Altiplano, en Almoloya. El otrora magnate, alias \u201cEl Johny\u201d, fue conducido al Cefereso 15, localizado en Copainal\u00e1, Chiapas.<\/p>\n<p class=\"sc__font-paragraph\" data-mrf-recirculation=\"Enlaces P\u00e1rrafos (art\u00edculo)\">El entonces secretario de Seguridad P\u00fablica de Quintana Roo, Rub\u00e9n Oyarvide, indic\u00f3 que factores como \u201cla relevancia pol\u00edtica y el poder econ\u00f3mico\u201d, que pon\u00edan en riesgo la estabilidad del penal de Canc\u00fan, motivaron el traslado espec\u00edfico del ex &#8220;g\u00f3ber precioso\u201d y de Succar, ligados entre s\u00ed por la operaci\u00f3n de una Red de Pornograf\u00eda Infantil en este centro vacacional, liderada por Succar Kuri, como document\u00f3 Cacho Ribeiro en 2004, en su libro \u201cLos Demonios del Ed\u00e9n\u201d.<\/p>\n<p class=\"sc__font-paragraph\" data-mrf-recirculation=\"Enlaces P\u00e1rrafos (art\u00edculo)\">De acuerdo con la Secretar\u00eda de Seguridad Ciudadana (SSC) de Quintana Roo, la notificaci\u00f3n del traslado de los internos est\u00e1 contenida en el oficio SSP\/ SEPYMS\/ DGEPYMS\/ 293\/ I\/ 2023, fechado el 27 de enero de este a\u00f1o, por la entonces directora de Ejecuci\u00f3n de Penas y Medidas de Seguridad, Gabriela Nava Garc\u00eda.<\/p>\n<h2 class=\"sc__header\">Reducen condena de Succar Kuri<\/h2>\n<p class=\"sc__font-paragraph\" data-mrf-recirculation=\"Enlaces P\u00e1rrafos (art\u00edculo)\">El sentenciado, que vio reducir su condena a 94 a\u00f1os, promovi\u00f3 un amparo directo en contra de su traslado a Chiapas, pero el 31 de enero un juez de Ejecuci\u00f3n de primera Instancia del Distrito Judicial de Canc\u00fan, calific\u00f3 de legal la medida.<\/p>\n<p class=\"sc__font-paragraph\" data-mrf-recirculation=\"Enlaces P\u00e1rrafos (art\u00edculo)\">Sin embargo, al llegar el asunto al Poder Judicial estatal, encabezado por el magistrado presidente, Heyden Cebada, el magistrado adscrito a la Novena Sala Especializada en Material Penal Oral, Carlos Lima Carvajal, revoc\u00f3 la orden de traslado el 24 de agosto, al considerarla ilegal, ordenando el regreso de Succar Kuri al penal de Canc\u00fan.<\/p>\n<h2 class=\"sc__header\">Succar Kuri considerado un peligro para la gobernabilidad del penal<\/h2>\n<p class=\"sc__font-paragraph\" data-mrf-recirculation=\"Enlaces P\u00e1rrafos (art\u00edculo)\">\u201cSu traslado a un penal federal se debi\u00f3 a que Jean Touma N, es considerado una persona que pone en peligro la estabilidad y gobernabilidad del centro penitenciario local, derivado de su conducta al interior del mismo, lo cual fue soslayado por el magistrado Lima Carvajal\u201d, indic\u00f3 el subsecretar\u00eda de Seguridad P\u00fablica Ciudadana federal, Luis Rodr\u00edguez Bucio, el pasado 5 de septiembre.<\/p>\n<p class=\"sc__font-paragraph\" data-mrf-recirculation=\"Enlaces P\u00e1rrafos (art\u00edculo)\">El caso fue abordado durante la \u201cMa\u00f1anera\u201d del presidente\u00a0<b>Andr\u00e9s Manuel L\u00f3pez Obrador,<\/b>\u00a0como parte de los jueces que favorecen a presuntos delincuentes.<\/p>\n<p class=\"sc__font-paragraph\" data-mrf-recirculation=\"Enlaces P\u00e1rrafos (art\u00edculo)\">Desde el 28 de agosto la organizaci\u00f3n Reinserta conden\u00f3 la decisi\u00f3n del magistrado Lima Carvajal.<\/p>\n<p class=\"sc__font-paragraph\" data-mrf-recirculation=\"Enlaces P\u00e1rrafos (art\u00edculo)\">En una carta p\u00fablica, obtuvo el respaldo de la Mesa estatal Ciudadana de Seguridad y Justicia de Quintana Roo y su par en Canc\u00fan e Isla Mujeres; la Canirac-Canc\u00fan, la Asociaci\u00f3n de Hoteles de Canc\u00fan, Puerto Morelos e Isla Mujeres, la C\u00e1mara Nacional de Comercio, Servicios y Turismo de Chetumal-Tulum, el Consejo Coordinador de Mujeres Empresarias (CCME) y organizaciones como el Observatorio Ciudadano Legislativo en la entidad.<\/p>\n<\/div>\n<\/div>\n<\/div>\n<\/div>\n","protected":false},"excerpt":{"rendered":"<p>El empresario liban\u00e9s y pederasta confeso est\u00e1 sentenciado en 2013 a m\u00e1s de 100 a\u00f1os&#8230;<\/p>\n","protected":false},"author":1,"featured_media":18581,"comment_status":"open","ping_status":"closed","sticky":false,"template":"","format":"standard","meta":{"footnotes":""},"categories":[2],"tags":[],"class_list":["post-18579","post","type-post","status-publish","format-standard","has-post-thumbnail","hentry","category-local"],"_links":{"self":[{"href":"https:\/\/xn--huracnpolmicocancnquintanaroo-knc6wmu.com\/index.php?rest_route=\/wp\/v2\/posts\/18579","targetHints":{"allow":["GET"]}}],"collection":[{"href":"https:\/\/xn--huracnpolmicocancnquintanaroo-knc6wmu.com\/index.php?rest_route=\/wp\/v2\/posts"}],"about":[{"href":"https:\/\/xn--huracnpolmicocancnquintanaroo-knc6wmu.com\/index.php?rest_route=\/wp\/v2\/types\/post"}],"author":[{"embeddable":true,"href":"https:\/\/xn--huracnpolmicocancnquintanaroo-knc6wmu.com\/index.php?rest_route=\/wp\/v2\/users\/1"}],"replies":[{"embeddable":true,"href":"https:\/\/xn--huracnpolmicocancnquintanaroo-knc6wmu.com\/index.php?rest_route=%2Fwp%2Fv2%2Fcomments&post=18579"}],"version-history":[{"count":1,"href":"https:\/\/xn--huracnpolmicocancnquintanaroo-knc6wmu.com\/index.php?rest_route=\/wp\/v2\/posts\/18579\/revisions"}],"predecessor-version":[{"id":18580,"href":"https:\/\/xn--huracnpolmicocancnquintanaroo-knc6wmu.com\/index.php?rest_route=\/wp\/v2\/posts\/18579\/revisions\/18580"}],"wp:featuredmedia":[{"embeddable":true,"href":"https:\/\/xn--huracnpolmicocancnquintanaroo-knc6wmu.com\/index.php?rest_route=\/wp\/v2\/media\/18581"}],"wp:attachment":[{"href":"https:\/\/xn--huracnpolmicocancnquintanaroo-knc6wmu.com\/index.php?rest_route=%2Fwp%2Fv2%2Fmedia&parent=18579"}],"wp:term":[{"taxonomy":"category","embeddable":true,"href":"https:\/\/xn--huracnpolmicocancnquintanaroo-knc6wmu.com\/index.php?rest_route=%2Fwp%2Fv2%2Fcategories&post=18579"},{"taxonomy":"post_tag","embeddable":true,"href":"https:\/\/xn--huracnpolmicocancnquintanaroo-knc6wmu.com\/index.php?rest_route=%2Fwp%2Fv2%2Ftags&post=18579"}],"curies":[{"name":"wp","href":"https:\/\/api.w.org\/{rel}","templated":true}]}}