{"id":18683,"date":"2023-09-13T16:48:12","date_gmt":"2023-09-13T21:48:12","guid":{"rendered":"https:\/\/xn--huracnpolmicocancnquintanaroo-knc6wmu.com\/?p=18683"},"modified":"2023-09-13T21:48:24","modified_gmt":"2023-09-13T21:48:24","slug":"calificacion-crediticia-de-mexico-en-riesgo-por-deficit-planteado-para-el-2024","status":"publish","type":"post","link":"https:\/\/xn--huracnpolmicocancnquintanaroo-knc6wmu.com\/?p=18683","title":{"rendered":"Calificaci\u00f3n crediticia de M\u00e9xico, en riesgo por d\u00e9ficit planteado para el 2024"},"content":{"rendered":"<div class=\"jsx-3315747106 \">\n<p>Para el ejercicio del a\u00f1o 2024, el gobierno del presidente Andr\u00e9s Manuel L\u00f3pez Obrador propone un d\u00e9ficit presupuestario de 4.9% del Producto Interno Bruto (PIB), el mayor registro en m\u00e1s de tres d\u00e9cadas.<\/p>\n<\/div>\n<div class=\"jsx-1921398030 newsbody\">\n<div class=\"jsx-670345696 share fixed\">\n<div class=\"jsx-670345696 \"><\/div>\n<\/div>\n<div class=\"jsx-1921398030\">\n<div class=\"jsx-1020194127\">\n<p class=\"jsx-3954459878\">El d\u00e9ficit planteado en el Paquete Econ\u00f3mico para el pr\u00f3ximo a\u00f1o tendr\u00e1 un efecto negativo en las finanzas p\u00fablicas, asever\u00f3 el\u00a0<strong>Instituto Mexicano de Ejecutivos de Finanzas<\/strong>\u00a0(IMEF).<\/p>\n<div id=\"espacio_teads\" class=\"jsx-1020194127 adNewChild\"><\/div>\n<p class=\"jsx-3954459878\">Para el ejercicio del a\u00f1o 2024, el gobierno del presidente Andr\u00e9s Manuel L\u00f3pez Obrador propone un\u00a0<strong>d\u00e9ficit presupuestario de 4.9%\u00a0<\/strong>del Producto Interno Bruto (PIB), el mayor registro en m\u00e1s de tres d\u00e9cadas, lo cual ha generado controversia.<\/p>\n<p>&#8220;Dicho d\u00e9ficit representar\u00e1<strong>\u00a0un fuerte deterioro de las finanzas p\u00fablicas\u00a0<\/strong>y podr\u00eda llevar a una degradaci\u00f3n de la calificaci\u00f3n crediticia, adem\u00e1s de complicar el trabajo del Banco de M\u00e9xico para abatir los altos niveles de inflaci\u00f3n que actualmente presenta la econom\u00eda nacional&#8221;, se\u00f1al\u00f3 el IMEF.<\/p>\n<p>El d\u00e9ficit presupuestario se refiere a que, en la situaci\u00f3n financiera p\u00fablica, el gobierno gastar\u00e1 m\u00e1s de lo que obtendr\u00e1 a trav\u00e9s de los ingresos, tanto tributarios como no tributarios, sin considerar el financiamiento por deuda.<\/p>\n<p>El IMEF se\u00f1al\u00f3 que un algo nivel de d\u00e9ficit traer\u00e1 diversas consecuencias, aunque no de manera inmediata pero s\u00ed impactar\u00e1 de manera negativa las finanzas p\u00fablicas de los siguientes a\u00f1os.<\/p>\n<p>Lo anterior se traducir\u00e1 en un\u00a0<strong>crecimiento econ\u00f3mico m\u00e1s d\u00e9bil<\/strong>\u00a0de lo normal.<\/p>\n<p>&#8220;Se env\u00eda una se\u00f1al muy negativa a los inversionistas nacionales y extranjeros al elevar el riesgo del entorno macroecon\u00f3mico de M\u00e9xico para los siguientes a\u00f1os&#8221;, asever\u00f3 el Instituto.<\/p>\n<p>El IMEF apunt\u00f3 que la discusi\u00f3n y an\u00e1lisis del Paquete Econ\u00f3mico 2024 deber\u00e1 ser cuidadosa, y se eviten mayores\u00a0<strong>dificultades econ\u00f3micas<\/strong>\u00a0para M\u00e9xico.<\/p>\n<p>El Paquete Econ\u00f3mico 2024, el \u00faltimo del gobierno de Andr\u00e9s Manuel L\u00f3pez Obrador, contempla un crecimiento econ\u00f3mico entre 2.5 y 3.5%, as\u00ed como un gasto hist\u00f3rico de 9.06 billones de pesos e ingresos p\u00fablicos por 7.3 billones de pesos.<\/p>\n<\/div>\n<\/div>\n<\/div>\n","protected":false},"excerpt":{"rendered":"<p>Para el ejercicio del a\u00f1o 2024, el gobierno del presidente Andr\u00e9s Manuel L\u00f3pez Obrador propone&#8230;<\/p>\n","protected":false},"author":1,"featured_media":18685,"comment_status":"open","ping_status":"closed","sticky":false,"template":"","format":"standard","meta":{"footnotes":""},"categories":[12],"tags":[],"class_list":["post-18683","post","type-post","status-publish","format-standard","has-post-thumbnail","hentry","category-nacional"],"_links":{"self":[{"href":"https:\/\/xn--huracnpolmicocancnquintanaroo-knc6wmu.com\/index.php?rest_route=\/wp\/v2\/posts\/18683","targetHints":{"allow":["GET"]}}],"collection":[{"href":"https:\/\/xn--huracnpolmicocancnquintanaroo-knc6wmu.com\/index.php?rest_route=\/wp\/v2\/posts"}],"about":[{"href":"https:\/\/xn--huracnpolmicocancnquintanaroo-knc6wmu.com\/index.php?rest_route=\/wp\/v2\/types\/post"}],"author":[{"embeddable":true,"href":"https:\/\/xn--huracnpolmicocancnquintanaroo-knc6wmu.com\/index.php?rest_route=\/wp\/v2\/users\/1"}],"replies":[{"embeddable":true,"href":"https:\/\/xn--huracnpolmicocancnquintanaroo-knc6wmu.com\/index.php?rest_route=%2Fwp%2Fv2%2Fcomments&post=18683"}],"version-history":[{"count":1,"href":"https:\/\/xn--huracnpolmicocancnquintanaroo-knc6wmu.com\/index.php?rest_route=\/wp\/v2\/posts\/18683\/revisions"}],"predecessor-version":[{"id":18684,"href":"https:\/\/xn--huracnpolmicocancnquintanaroo-knc6wmu.com\/index.php?rest_route=\/wp\/v2\/posts\/18683\/revisions\/18684"}],"wp:featuredmedia":[{"embeddable":true,"href":"https:\/\/xn--huracnpolmicocancnquintanaroo-knc6wmu.com\/index.php?rest_route=\/wp\/v2\/media\/18685"}],"wp:attachment":[{"href":"https:\/\/xn--huracnpolmicocancnquintanaroo-knc6wmu.com\/index.php?rest_route=%2Fwp%2Fv2%2Fmedia&parent=18683"}],"wp:term":[{"taxonomy":"category","embeddable":true,"href":"https:\/\/xn--huracnpolmicocancnquintanaroo-knc6wmu.com\/index.php?rest_route=%2Fwp%2Fv2%2Fcategories&post=18683"},{"taxonomy":"post_tag","embeddable":true,"href":"https:\/\/xn--huracnpolmicocancnquintanaroo-knc6wmu.com\/index.php?rest_route=%2Fwp%2Fv2%2Ftags&post=18683"}],"curies":[{"name":"wp","href":"https:\/\/api.w.org\/{rel}","templated":true}]}}