{"id":18890,"date":"2023-09-22T18:22:37","date_gmt":"2023-09-22T23:22:37","guid":{"rendered":"https:\/\/xn--huracnpolmicocancnquintanaroo-knc6wmu.com\/?p=18890"},"modified":"2023-09-22T23:22:39","modified_gmt":"2023-09-22T23:22:39","slug":"un-ano-de-exito-cultural-en-cancun-e-impulso-para-nuestra-zona-fundacional-ana-paty-peralta","status":"publish","type":"post","link":"https:\/\/xn--huracnpolmicocancnquintanaroo-knc6wmu.com\/?p=18890","title":{"rendered":"UN A\u00d1O DE \u00c9XITO CULTURAL EN CANC\u00daN E IMPULSO PARA NUESTRA ZONA FUNDACIONAL: ANA PATY PERALTA"},"content":{"rendered":"<p style=\"font-weight: 400;\">M\u00e1s de 337 mil 700 ciudadanos y visitantes han asistido a los eventos culturales<\/p>\n<p style=\"font-weight: 400;\">\n<p style=\"font-weight: 400;\"><b><strong>Canc\u00fan, Q. R., a 22 de septiembre de 2023.-<\/strong><\/b>\u00a0Como parte de un a\u00f1o de trabajo para el fortalecimiento cultural y la reactivaci\u00f3n econ\u00f3mica del coraz\u00f3n de la ciudad, la Zona Fundacional, la Presidenta Municipal, Ana Paty Peralta, destac\u00f3 que m\u00e1s de 337 mil 700 cancunenses y visitantes nacionales e internacionales fueron part\u00edcipes de actividades que celebran la identidad de las y los cancunenses y los mexicanos.<\/p>\n<p style=\"font-weight: 400;\">\n<p style=\"font-weight: 400;\">\u201cTrabajaremos como hasta ahora, fortaleciendo nuestras tradiciones, esas que nos dan identidad; esas que nos hacen sentir orgullosamente cancunenses, como el aniversario de Canc\u00fan, nuestro Hanal Pix\u00e1n, nuestro Carnaval, la Guelaguetza, junto con el plan de reactivaci\u00f3n de la avenida Yaxchil\u00e1n, regresando el brillo a nuestra Zona Fundacional\u201d, enfatiz\u00f3 la Alcaldesa durante su informe realizado en un ambiente de convivencia con la ciudadan\u00eda.<\/p>\n<p style=\"font-weight: 400;\">\n<p style=\"font-weight: 400;\">Adem\u00e1s, recalc\u00f3 que para seguir fortaleciendo la identidad de la ciudad, se ha realizado el mejoramiento de la imagen urbana, con proyectos estrat\u00e9gicos en el centro de Canc\u00fan, con eventos tem\u00e1ticos de cada temporada y los que se llevan a cabo de manera semanal para que los ciudadanos o visitantes puedan acudir al Parque de las Palapas, Parque del Crucero, o bien, en la explanada de la Plaza de la Reforma, para disfrutar de muestras gastron\u00f3micas, exhibiciones de baile y venta de artesan\u00edas, entre otras actividades.<\/p>\n<p style=\"font-weight: 400;\">\n<p style=\"font-weight: 400;\">Es importante mencionar que luego de dos a\u00f1os de no celebrarse el aniversario de Canc\u00fan debido a la pandemia de Covid-19, con mucho entusiasmo y compromiso la Primera Autoridad municipal, festej\u00f3 los 53 a\u00f1os de historia del municipio, en donde realizaron 21 actividades de las cuales se destacan la Inauguraci\u00f3n del Parque Canc\u00fan, J\u00f3venes en el Cecilio Chi, Mujeres Cancunenses, &#8220;Mujeres bordando&#8221;, Ma\u00f1anitas a Canc\u00fan, Canc\u00fan es M\u00e9xico, Desfile de los Cancunenses, Concierto en la Playa, Festival &#8220;La m\u00fasica nos une&#8221;, Concierto &#8220;Talentos Cancunenses&#8221;\u00a0 y el Conversatorio de Historia de la aviaci\u00f3n en Canc\u00fan, en donde por 10 d\u00edas, m\u00e1s de 66 mil residentes y turistas celebraron en unidad.<\/p>\n<p style=\"font-weight: 400;\">\n<p style=\"font-weight: 400;\">Tambi\u00e9n Ana Paty peralta, desarroll\u00f3 de manera segura, con un ambiente sano, familiar y de f\u00e1cil acceso para las y los benitojuarenses, el Carnaval Canc\u00fan 2023 \u201cEl Carnaval Nos Une\u201d, en este festejo que dur\u00f3 cinco d\u00edas, ni\u00f1as, ni\u00f1os, j\u00f3venes y adultos llenaron de alegr\u00eda y color las principales calles de la ciudad, con el tradicional desfile, concurso de comparsas y dem\u00e1s presentaciones; esta misma festividad tambi\u00e9n cont\u00f3 con artistas musicales y comediantes de renombre nacional.<\/p>\n<p style=\"font-weight: 400;\">\n<p style=\"font-weight: 400;\">La cultura es un puente que nos une como sociedad, nos ayuda a comprendernos y construir un mejor futuro, por ello Ana Paty Peralta tambi\u00e9n celebr\u00f3 en el municipio las tradiciones m\u00e1s representativas de M\u00e9xico, uno de ellos fue el D\u00eda de Muertos \u201cFestival Cena de \u00c1nimas\u201d que ilumin\u00f3 con cientos de velas y veladoras el emblem\u00e1tico Malec\u00f3n Tajamar y en donde m\u00e1s de 30 mil cancunenses se dieron cita, para conmemorar a sus seres queridos, observar los distintos altares coloridos y disfrutar de varias presentaciones art\u00edsticas.<\/p>\n<p style=\"font-weight: 400;\">\n<p style=\"font-weight: 400;\">\u201cEstos eventos nos dieron la oportunidad de unirnos m\u00e1s, de fortalecernos como comunidad y de festejar nuestra identidad multicultural que tanto nos distingue a quienes vivimos en Canc\u00fan\u201d, enfatiz\u00f3 al rememorar las actividades que permitieron darle nueva vida a la Zona Fundacional, en donde ejemplo de unidad y con la participaci\u00f3n de los cancunenses, se logr\u00f3 reactivar la econom\u00eda de la emblem\u00e1tica Av. Yaxchil\u00e1n.<\/p>\n<p style=\"font-weight: 400;\">\n<p style=\"font-weight: 400;\"><b><strong>********<\/strong><\/b><\/p>\n<p style=\"font-weight: 400;\"><b><strong>CAJA DE DATOS<\/strong><\/b><\/p>\n<p style=\"font-weight: 400;\">\n<ul>\n<li style=\"font-weight: 400;\">Aniversario 53 de Canc\u00fan, m\u00e1s de 66 mil asistentes<\/li>\n<li style=\"font-weight: 400;\">Hanal Pix\u00e1n, m\u00e1s de 30 mil ciudadanos<\/li>\n<li style=\"font-weight: 400;\">Carnaval Canc\u00fan 2023, m\u00e1s de 110 mil personas<\/li>\n<li style=\"font-weight: 400;\">Guelaguetza 2023, m\u00e1s de 40 mil personas<\/li>\n<li style=\"font-weight: 400;\">Vive Alvarado 2023, m\u00e1s de 10 mil personas<\/li>\n<li style=\"font-weight: 400;\">Festival Navide\u00f1o en Tajamar, m\u00e1s de 20 mil personas<\/li>\n<li style=\"font-weight: 400;\">Festividad de D\u00eda de Reyes, m\u00e1s de 3 mil personas<\/li>\n<li style=\"font-weight: 400;\">Festival del D\u00eda de La Ni\u00f1a y Del Ni\u00f1o, m\u00e1s de 8 mil infantes<\/li>\n<li style=\"font-weight: 400;\">Noches Caribe\u00f1as, durante este periodo del a\u00f1o han asistido m\u00e1s de 50 mil personas<\/li>\n<li style=\"font-weight: 400;\">Paseo Pionero, 700 j\u00f3venes<\/li>\n<\/ul>\n","protected":false},"excerpt":{"rendered":"<p>M\u00e1s de 337 mil 700 ciudadanos y visitantes han asistido a los eventos culturales Canc\u00fan,&#8230;<\/p>\n","protected":false},"author":1,"featured_media":18892,"comment_status":"open","ping_status":"closed","sticky":false,"template":"","format":"standard","meta":{"footnotes":""},"categories":[2],"tags":[],"class_list":["post-18890","post","type-post","status-publish","format-standard","has-post-thumbnail","hentry","category-local"],"_links":{"self":[{"href":"https:\/\/xn--huracnpolmicocancnquintanaroo-knc6wmu.com\/index.php?rest_route=\/wp\/v2\/posts\/18890","targetHints":{"allow":["GET"]}}],"collection":[{"href":"https:\/\/xn--huracnpolmicocancnquintanaroo-knc6wmu.com\/index.php?rest_route=\/wp\/v2\/posts"}],"about":[{"href":"https:\/\/xn--huracnpolmicocancnquintanaroo-knc6wmu.com\/index.php?rest_route=\/wp\/v2\/types\/post"}],"author":[{"embeddable":true,"href":"https:\/\/xn--huracnpolmicocancnquintanaroo-knc6wmu.com\/index.php?rest_route=\/wp\/v2\/users\/1"}],"replies":[{"embeddable":true,"href":"https:\/\/xn--huracnpolmicocancnquintanaroo-knc6wmu.com\/index.php?rest_route=%2Fwp%2Fv2%2Fcomments&post=18890"}],"version-history":[{"count":1,"href":"https:\/\/xn--huracnpolmicocancnquintanaroo-knc6wmu.com\/index.php?rest_route=\/wp\/v2\/posts\/18890\/revisions"}],"predecessor-version":[{"id":18891,"href":"https:\/\/xn--huracnpolmicocancnquintanaroo-knc6wmu.com\/index.php?rest_route=\/wp\/v2\/posts\/18890\/revisions\/18891"}],"wp:featuredmedia":[{"embeddable":true,"href":"https:\/\/xn--huracnpolmicocancnquintanaroo-knc6wmu.com\/index.php?rest_route=\/wp\/v2\/media\/18892"}],"wp:attachment":[{"href":"https:\/\/xn--huracnpolmicocancnquintanaroo-knc6wmu.com\/index.php?rest_route=%2Fwp%2Fv2%2Fmedia&parent=18890"}],"wp:term":[{"taxonomy":"category","embeddable":true,"href":"https:\/\/xn--huracnpolmicocancnquintanaroo-knc6wmu.com\/index.php?rest_route=%2Fwp%2Fv2%2Fcategories&post=18890"},{"taxonomy":"post_tag","embeddable":true,"href":"https:\/\/xn--huracnpolmicocancnquintanaroo-knc6wmu.com\/index.php?rest_route=%2Fwp%2Fv2%2Ftags&post=18890"}],"curies":[{"name":"wp","href":"https:\/\/api.w.org\/{rel}","templated":true}]}}