{"id":18941,"date":"2023-09-25T23:57:04","date_gmt":"2023-09-26T04:57:04","guid":{"rendered":"https:\/\/xn--huracnpolmicocancnquintanaroo-knc6wmu.com\/?p=18941"},"modified":"2023-09-26T04:57:05","modified_gmt":"2023-09-26T04:57:05","slug":"celebra-ana-paty-apertura-de-segunda-unidad-del-bienestar-en-cancun","status":"publish","type":"post","link":"https:\/\/xn--huracnpolmicocancnquintanaroo-knc6wmu.com\/?p=18941","title":{"rendered":"CELEBRA ANA PATY APERTURA DE SEGUNDA UNIDAD DEL BIENESTAR EN CANC\u00daN"},"content":{"rendered":"<p style=\"font-weight: 400;\">Junto a la gobernadora Mara Lezama, la Presidenta Municipal, Ana Paty Peralta, particip\u00f3 en la inauguraci\u00f3n de la segunda Unidad del Bienestar en Canc\u00fan, ubicada en la Supermanzana 23, que proporcionar\u00e1 numerosos servicios m\u00e9dicos gratuitos a personas que lo requieran.<\/p>\n<p style=\"font-weight: 400;\">\n<p style=\"font-weight: 400;\">\u201cHoy con esta unidad, se transforma completamente la zona, como todo lo que hacemos en los gobiernos de la Cuarta Transformaci\u00f3n, transformar los espacios y nuestra ciudad, pero sobre todo trabajar de forma unida, el Gobierno del Estado con nuestra primera mujer Gobernadora y con el Gobierno de M\u00e9xico, con el Presidente Andr\u00e9s Manuel L\u00f3pez Obrador\u201d, dijo en su calidad de anfitriona en Canc\u00fan.<\/p>\n<p style=\"font-weight: 400;\">\n<p style=\"font-weight: 400;\">Acompa\u00f1ada por los beneficiados de dicho programa, resalt\u00f3 que la atenci\u00f3n m\u00e9dica y de asistencia social, va a cambiarle la vida a las familias cancunenses, a quienes exhort\u00f3 en todo momento se acerquen para ser canalizados a las diferentes instancias de los tres \u00f3rdenes de gobierno.<\/p>\n<p style=\"font-weight: 400;\">\n<p style=\"font-weight: 400;\">Por su parte, el secretario del Bienestar en la entidad, Pablo Bustamante Beltr\u00e1n, detall\u00f3 que es el s\u00e9ptimo sitio de este tipo en Quintana Roo, por lo que se sum\u00f3 tambi\u00e9n a la invitaci\u00f3n a la poblaci\u00f3n a ocuparlo, ya que es parte de los resultados y acciones visibles a un a\u00f1o de inicio del Gobierno del Estado.<\/p>\n<p style=\"font-weight: 400;\">\n<p style=\"font-weight: 400;\">Previo a la entrega personalizada a cada beneficiario de las tarjetas para ocupar la Unidad, la mandataria estatal destac\u00f3 que podr\u00e1n ocupar servicios gratuitos de laboratorio, medicinas, consultas m\u00e9dicas y valoraciones de la vista, no necesariamente hasta que tengan un padecimiento, sino preventivos para evitar precisamente complicaciones mayores en su salud.<\/p>\n<p style=\"font-weight: 400;\">\n<p style=\"font-weight: 400;\">************<\/p>\n<p style=\"font-weight: 400;\"><b><strong>CAJA DE DATOS<\/strong><\/b><\/p>\n<p style=\"font-weight: 400;\">\n<p style=\"font-weight: 400;\">An\u00e1lisis de:<\/p>\n<p style=\"font-weight: 400;\">Ant\u00edgeno Prost\u00e1tico Espec\u00edfico (PSA)<\/p>\n<p style=\"font-weight: 400;\">Coproparasitosc\u00f3pico 3ra muestra<\/p>\n<p style=\"font-weight: 400;\">Examen general de orina<\/p>\n<p style=\"font-weight: 400;\">Grupo sangu\u00edneo y RH<\/p>\n<p style=\"font-weight: 400;\">Hemoglobina Glicosilada<\/p>\n<p style=\"font-weight: 400;\">Prueba inmunol\u00f3gica de embarazo (Pie sangre)<\/p>\n<p style=\"font-weight: 400;\">Qu\u00edmica sangu\u00ednea de 6 elementos<\/p>\n<p style=\"font-weight: 400;\">Biometr\u00eda hem\u00e1tica<\/p>\n<p style=\"font-weight: 400;\">Exudado far\u00edngeo<\/p>\n<p style=\"font-weight: 400;\">Glucosa<\/p>\n<p style=\"font-weight: 400;\">Papanicolaou<\/p>\n<p style=\"font-weight: 400;\">Reacciones febriles<\/p>\n<p style=\"font-weight: 400;\">V.D.R.L.<\/p>\n<p style=\"font-weight: 400;\">V.I.H.<\/p>\n","protected":false},"excerpt":{"rendered":"<p>Junto a la gobernadora Mara Lezama, la Presidenta Municipal, Ana Paty Peralta, particip\u00f3 en la&#8230;<\/p>\n","protected":false},"author":1,"featured_media":18943,"comment_status":"open","ping_status":"closed","sticky":false,"template":"","format":"standard","meta":{"footnotes":""},"categories":[2],"tags":[],"class_list":["post-18941","post","type-post","status-publish","format-standard","has-post-thumbnail","hentry","category-local"],"_links":{"self":[{"href":"https:\/\/xn--huracnpolmicocancnquintanaroo-knc6wmu.com\/index.php?rest_route=\/wp\/v2\/posts\/18941","targetHints":{"allow":["GET"]}}],"collection":[{"href":"https:\/\/xn--huracnpolmicocancnquintanaroo-knc6wmu.com\/index.php?rest_route=\/wp\/v2\/posts"}],"about":[{"href":"https:\/\/xn--huracnpolmicocancnquintanaroo-knc6wmu.com\/index.php?rest_route=\/wp\/v2\/types\/post"}],"author":[{"embeddable":true,"href":"https:\/\/xn--huracnpolmicocancnquintanaroo-knc6wmu.com\/index.php?rest_route=\/wp\/v2\/users\/1"}],"replies":[{"embeddable":true,"href":"https:\/\/xn--huracnpolmicocancnquintanaroo-knc6wmu.com\/index.php?rest_route=%2Fwp%2Fv2%2Fcomments&post=18941"}],"version-history":[{"count":1,"href":"https:\/\/xn--huracnpolmicocancnquintanaroo-knc6wmu.com\/index.php?rest_route=\/wp\/v2\/posts\/18941\/revisions"}],"predecessor-version":[{"id":18942,"href":"https:\/\/xn--huracnpolmicocancnquintanaroo-knc6wmu.com\/index.php?rest_route=\/wp\/v2\/posts\/18941\/revisions\/18942"}],"wp:featuredmedia":[{"embeddable":true,"href":"https:\/\/xn--huracnpolmicocancnquintanaroo-knc6wmu.com\/index.php?rest_route=\/wp\/v2\/media\/18943"}],"wp:attachment":[{"href":"https:\/\/xn--huracnpolmicocancnquintanaroo-knc6wmu.com\/index.php?rest_route=%2Fwp%2Fv2%2Fmedia&parent=18941"}],"wp:term":[{"taxonomy":"category","embeddable":true,"href":"https:\/\/xn--huracnpolmicocancnquintanaroo-knc6wmu.com\/index.php?rest_route=%2Fwp%2Fv2%2Fcategories&post=18941"},{"taxonomy":"post_tag","embeddable":true,"href":"https:\/\/xn--huracnpolmicocancnquintanaroo-knc6wmu.com\/index.php?rest_route=%2Fwp%2Fv2%2Ftags&post=18941"}],"curies":[{"name":"wp","href":"https:\/\/api.w.org\/{rel}","templated":true}]}}