{"id":19001,"date":"2023-09-28T18:19:56","date_gmt":"2023-09-28T23:19:56","guid":{"rendered":"https:\/\/xn--huracnpolmicocancnquintanaroo-knc6wmu.com\/?p=19001"},"modified":"2023-09-28T23:19:58","modified_gmt":"2023-09-28T23:19:58","slug":"anuncian-cierres-de-calles-en-cancun-por-marcha-de-colectivos","status":"publish","type":"post","link":"https:\/\/xn--huracnpolmicocancnquintanaroo-knc6wmu.com\/?p=19001","title":{"rendered":"Anuncian cierres de calles en Canc\u00fan por \u2018marcha de colectivos\u2019"},"content":{"rendered":"<div>\n<div class=\"row m-b-15\">\n<div class=\"col-xs-12 col-sm-12 col-md-12 col-lg-12\">\n<h3 class=\"introduction\" style=\"text-align: center;\">Tr\u00e1nsito asegur\u00f3 que al menos cinco avenidas de la ciudad estar\u00e1n parcialmente cerradas.<\/h3>\n<\/div>\n<\/div>\n<\/div>\n<div class=\"row m-b-25\">\n<div class=\"col-xs-12 col-sm-12 col-md-12 col-lg-12 info-extra-new\">\n<p>El Ayuntamiento de Benito Ju\u00e1rez, a trav\u00e9s de la\u00a0<strong>Direcci\u00f3n de Tr\u00e1nsito<\/strong>, inform\u00f3 sobre el cierre de calles por motivos de una marcha pac\u00edfica en Canc\u00fan.<\/p>\n<p>El dispositivo de cierres se realizar\u00e1 este jueves 28 de septiembre a partir de las 5:00 de la tarde. El dispositivo vial incluir\u00e1 cierres parciales en cinco avenidas clave:\u00a0<strong>Bonampak<\/strong>,\u00a0<strong>Sayil<\/strong>,\u00a0<strong>Cob\u00e1<\/strong>,\u00a0<strong>Xcaret<\/strong>,\u00a0<strong>Tulum<\/strong>.<\/p>\n<p>Seg\u00fan el comunicado emitido en las redes sociales de Tr\u00e1nsito, la circulaci\u00f3n se reabrir\u00e1 a medida que avance el\u00a0<strong>contingente de colectivos participantes en la movilizaci\u00f3n pac\u00edfica<\/strong>.<\/p>\n<p>En el comunicado aseguran que la vialidad se reabrir\u00e1n conforme avance el contingente de colectivos que realizar\u00e1n una movilizaci\u00f3n pac\u00edfica este jueves, programada a partir de las 05:00 de la tarde.<\/p>\n<p>Hasta el momento, no se ha revelado la identidad de los\u00a0<strong>colectivos o el motivo espec\u00edfico de la marcha<\/strong>. Se recomienda a los residentes y visitantes que planifiquen rutas alternativas o anticipen retrasos si planean transitar por estas zonas.<\/p>\n<\/div>\n<\/div>\n","protected":false},"excerpt":{"rendered":"<p>Tr\u00e1nsito asegur\u00f3 que al menos cinco avenidas de la ciudad estar\u00e1n parcialmente cerradas. El Ayuntamiento&#8230;<\/p>\n","protected":false},"author":1,"featured_media":19003,"comment_status":"open","ping_status":"closed","sticky":false,"template":"","format":"standard","meta":{"footnotes":""},"categories":[2],"tags":[],"class_list":["post-19001","post","type-post","status-publish","format-standard","has-post-thumbnail","hentry","category-local"],"_links":{"self":[{"href":"https:\/\/xn--huracnpolmicocancnquintanaroo-knc6wmu.com\/index.php?rest_route=\/wp\/v2\/posts\/19001","targetHints":{"allow":["GET"]}}],"collection":[{"href":"https:\/\/xn--huracnpolmicocancnquintanaroo-knc6wmu.com\/index.php?rest_route=\/wp\/v2\/posts"}],"about":[{"href":"https:\/\/xn--huracnpolmicocancnquintanaroo-knc6wmu.com\/index.php?rest_route=\/wp\/v2\/types\/post"}],"author":[{"embeddable":true,"href":"https:\/\/xn--huracnpolmicocancnquintanaroo-knc6wmu.com\/index.php?rest_route=\/wp\/v2\/users\/1"}],"replies":[{"embeddable":true,"href":"https:\/\/xn--huracnpolmicocancnquintanaroo-knc6wmu.com\/index.php?rest_route=%2Fwp%2Fv2%2Fcomments&post=19001"}],"version-history":[{"count":1,"href":"https:\/\/xn--huracnpolmicocancnquintanaroo-knc6wmu.com\/index.php?rest_route=\/wp\/v2\/posts\/19001\/revisions"}],"predecessor-version":[{"id":19002,"href":"https:\/\/xn--huracnpolmicocancnquintanaroo-knc6wmu.com\/index.php?rest_route=\/wp\/v2\/posts\/19001\/revisions\/19002"}],"wp:featuredmedia":[{"embeddable":true,"href":"https:\/\/xn--huracnpolmicocancnquintanaroo-knc6wmu.com\/index.php?rest_route=\/wp\/v2\/media\/19003"}],"wp:attachment":[{"href":"https:\/\/xn--huracnpolmicocancnquintanaroo-knc6wmu.com\/index.php?rest_route=%2Fwp%2Fv2%2Fmedia&parent=19001"}],"wp:term":[{"taxonomy":"category","embeddable":true,"href":"https:\/\/xn--huracnpolmicocancnquintanaroo-knc6wmu.com\/index.php?rest_route=%2Fwp%2Fv2%2Fcategories&post=19001"},{"taxonomy":"post_tag","embeddable":true,"href":"https:\/\/xn--huracnpolmicocancnquintanaroo-knc6wmu.com\/index.php?rest_route=%2Fwp%2Fv2%2Ftags&post=19001"}],"curies":[{"name":"wp","href":"https:\/\/api.w.org\/{rel}","templated":true}]}}