{"id":19190,"date":"2023-10-06T23:14:36","date_gmt":"2023-10-07T04:14:36","guid":{"rendered":"https:\/\/xn--huracnpolmicocancnquintanaroo-knc6wmu.com\/?p=19190"},"modified":"2023-10-07T04:14:37","modified_gmt":"2023-10-07T04:14:37","slug":"por-primera-vez-en-anos-cancun-recibe-mucho-de-lo-que-le-ha-dado-al-pais-gracias-a-nuestro-presidente-andres-manuel-ana-paty-peralta","status":"publish","type":"post","link":"https:\/\/xn--huracnpolmicocancnquintanaroo-knc6wmu.com\/?p=19190","title":{"rendered":"POR PRIMERA VEZ EN A\u00d1OS CANC\u00daN RECIBE MUCHO DE LO QUE LE HA DADO AL PA\u00cdS GRACIAS A NUESTRO PRESIDENTE ANDR\u00c9S MANUEL: ANA PATY PERALTA"},"content":{"rendered":"<p style=\"font-weight: 400;\">La Presidenta Municipal participa junto al Presidente Andr\u00e9s Manuel L\u00f3pez Obrador y la Gobernadora Mara Lezama en la mesa de seguridad desde Canc\u00fan<\/p>\n<ul>\n<li style=\"font-weight: 400;\">Atestigua la conferencia de prensa matutina en las inmediaciones de la estaci\u00f3n del Tren Maya<\/li>\n<li style=\"font-weight: 400;\">Reconoce inversi\u00f3n hist\u00f3rica del Gobierno de M\u00e9xico para el sureste mexicano<\/li>\n<\/ul>\n<p style=\"font-weight: 400;\">\n<p style=\"font-weight: 400;\"><b><strong>Canc\u00fan, Q. R., a 06 de octubre de 2023.-<\/strong><\/b>\u00a0\u201cEstamos muy contentos y agradecidos de que nuestro Presidente le haya regresado a nuestro municipio, a Canc\u00fan, y a todo el estado de Quintana Roo, mucho de lo que se le ha dado al pa\u00eds\u201d, enfatiz\u00f3 la Presidenta Municipal, Ana Paty Peralta, luego de atestiguar la conferencia de prensa matutina del Presidente Andr\u00e9s Manuel L\u00f3pez Obrador y tras participar junto a la gobernadora Mara Lezama en la mesa de seguridad realizada desde en la estaci\u00f3n del Tren Maya en Canc\u00fan.<\/p>\n<p style=\"font-weight: 400;\">\n<p style=\"font-weight: 400;\">En entrevista posterior a la conferencia, la cual observ\u00f3 desde primera fila, en su calidad de anfitriona en Benito Ju\u00e1rez, la Alcaldesa subray\u00f3 el apoyo que el destino recibe por parte del Gobierno de M\u00e9xico y del Gobierno de Quintana Roo, que ha marcado un momento hist\u00f3rico de transformaci\u00f3n con obras de bienestar social como la rehabilitaci\u00f3n del Blvd. Luis Donaldo Colosio y la construcci\u00f3n del Distribuidor Aeropuerto, el Puente Nichupt\u00e9, Av. Chac Mool y la conexi\u00f3n de la estaci\u00f3n del Tren Maya con el Aeropuerto Internacional de Canc\u00fan.<\/p>\n<p style=\"font-weight: 400;\">\n<p style=\"font-weight: 400;\">Con vista a la estaci\u00f3n del Tren Maya en Canc\u00fan, la m\u00e1s importante del proyecto ferroviario, apunt\u00f3 que la obra traer\u00e1 prosperidad a todas las regiones del estado, beneficiando en la oferta tur\u00edstica, la distribuci\u00f3n de visitantes, conectividad entre los destinos del sureste mexicano y dando justicia a la regi\u00f3n, que por primera vez reciben total respaldo por parte del jefe del Ejecutivo.<\/p>\n<p style=\"font-weight: 400;\">\n<p style=\"font-weight: 400;\">\u201cEstamos muy honrados de que el Presidente est\u00e9 aqu\u00ed, tiene un gran cari\u00f1o hacia nuestro estado, un gran cari\u00f1o hacia nuestro municipio, conoce perfectamente bien Canc\u00fan. Nunca hab\u00eda habido un presidente en la historia del pa\u00eds que viniera con tanta frecuencia a nuestro municipio y a todo el estado y que el Tren Maya es justicia social para todo el estado y el sureste mexicano\u201d, subray\u00f3 Ana Paty Peralta.<\/p>\n<p style=\"font-weight: 400;\">\n<p style=\"font-weight: 400;\">Adem\u00e1s, reiter\u00f3 que trabaja de la mano con el Presidente y la Gobernadora para fortalecer la promoci\u00f3n y \u00e9xito del destino como uno de los m\u00e1s importantes a nivel internacional, el cual recibe cada a\u00f1o a m\u00e1s de 30 millones de pasajeros de todo el mundo, siempre con una visi\u00f3n de equidad e igualdad para que el \u00e9xito econ\u00f3mico llegue a todas las familias cancunenses.<\/p>\n<p style=\"font-weight: 400;\">\n<p style=\"font-weight: 400;\">Durante la conferencia de prensa y como parte de su gira de supervisi\u00f3n de los avances del Tren Maya, L\u00f3pez Obrador dio a conocer que el proyecto se desarrolla con \u00e9xito en sus diversos tramos, esperando inaugurar el pr\u00f3ximo 15 de diciembre el tramo que va de Palenque a Canc\u00fan, mientras que el tramo 5 se prev\u00e9 concretar entre enero y febrero de 2024.<\/p>\n<p style=\"font-weight: 400;\">\n<p style=\"font-weight: 400;\">Agreg\u00f3 que como parte del cuidado al medio ambiente y la conservaci\u00f3n del ecosistema local, se han declarado diversas zonas como reservas naturales en el estado, con la conservaci\u00f3n de 16 mil hect\u00e1reas que pertenec\u00edan al Fondo Nacional de Fomento al Turismo (Fonatur), perfil\u00e1ndose para ser el segundo gobierno federal con m\u00e1s \u00e1reas naturales protegidas.<\/p>\n<p style=\"font-weight: 400;\">\n<p style=\"font-weight: 400;\">Por su parte, la Gobernadora inform\u00f3 que durante el primer semestre de 2023 se posiciona como uno de los mejores en la historia del Estado, con un incremento del 11.7 por ciento de pasajeros en los aeropuertos; 46 por ciento mayor cantidad de turistas extranjeros en Canc\u00fan; un crecimiento del 43.8 en cruceros, con respecto a 2022; y 13.2 por ciento m\u00e1s de afluencia en las zonas arqueol\u00f3gicas.<\/p>\n<p style=\"font-weight: 400;\">\n<p style=\"font-weight: 400;\">************<\/p>\n<p style=\"font-weight: 400;\"><b><strong>\u00a0<\/strong><\/b><\/p>\n<p style=\"font-weight: 400;\"><b><strong>CAJA DE DATOS<\/strong><\/b><\/p>\n<p style=\"font-weight: 400;\"><b><strong>\u00a0<\/strong><\/b><\/p>\n<p style=\"font-weight: 400;\"><b><strong>OPERATIVO DE RECALE SARGAZO 2023<\/strong><\/b><\/p>\n<p style=\"font-weight: 400;\">\n<p style=\"font-weight: 400;\">Del 19 de septiembre al 2 de octubre:<\/p>\n<p style=\"font-weight: 400;\">\n<ul>\n<li style=\"font-weight: 400;\">6 municipios apoyados: Benito Ju\u00e1rez, Isla Mujeres, Oth\u00f3n P. Blanco, Puerto Morelos, Solidaridad y Tulum.<\/li>\n<li style=\"font-weight: 400;\">22 mil 021 toneladas en total acumulado en el 2023<\/li>\n<li style=\"font-weight: 400;\">370 toneladas, en total acumulado en el per\u00edodo<\/li>\n<li style=\"font-weight: 400;\">1,950 personal apoyando<\/li>\n<li style=\"font-weight: 400;\">9,050 metros de barreras de contenci\u00f3n<\/li>\n<li style=\"font-weight: 400;\">16 embarcaciones menores<\/li>\n<li style=\"font-weight: 400;\">12 buques sargaceros<\/li>\n<\/ul>\n","protected":false},"excerpt":{"rendered":"<p>La Presidenta Municipal participa junto al Presidente Andr\u00e9s Manuel L\u00f3pez Obrador y la Gobernadora Mara&#8230;<\/p>\n","protected":false},"author":1,"featured_media":19192,"comment_status":"open","ping_status":"closed","sticky":false,"template":"","format":"standard","meta":{"footnotes":""},"categories":[2],"tags":[],"class_list":["post-19190","post","type-post","status-publish","format-standard","has-post-thumbnail","hentry","category-local"],"_links":{"self":[{"href":"https:\/\/xn--huracnpolmicocancnquintanaroo-knc6wmu.com\/index.php?rest_route=\/wp\/v2\/posts\/19190","targetHints":{"allow":["GET"]}}],"collection":[{"href":"https:\/\/xn--huracnpolmicocancnquintanaroo-knc6wmu.com\/index.php?rest_route=\/wp\/v2\/posts"}],"about":[{"href":"https:\/\/xn--huracnpolmicocancnquintanaroo-knc6wmu.com\/index.php?rest_route=\/wp\/v2\/types\/post"}],"author":[{"embeddable":true,"href":"https:\/\/xn--huracnpolmicocancnquintanaroo-knc6wmu.com\/index.php?rest_route=\/wp\/v2\/users\/1"}],"replies":[{"embeddable":true,"href":"https:\/\/xn--huracnpolmicocancnquintanaroo-knc6wmu.com\/index.php?rest_route=%2Fwp%2Fv2%2Fcomments&post=19190"}],"version-history":[{"count":1,"href":"https:\/\/xn--huracnpolmicocancnquintanaroo-knc6wmu.com\/index.php?rest_route=\/wp\/v2\/posts\/19190\/revisions"}],"predecessor-version":[{"id":19191,"href":"https:\/\/xn--huracnpolmicocancnquintanaroo-knc6wmu.com\/index.php?rest_route=\/wp\/v2\/posts\/19190\/revisions\/19191"}],"wp:featuredmedia":[{"embeddable":true,"href":"https:\/\/xn--huracnpolmicocancnquintanaroo-knc6wmu.com\/index.php?rest_route=\/wp\/v2\/media\/19192"}],"wp:attachment":[{"href":"https:\/\/xn--huracnpolmicocancnquintanaroo-knc6wmu.com\/index.php?rest_route=%2Fwp%2Fv2%2Fmedia&parent=19190"}],"wp:term":[{"taxonomy":"category","embeddable":true,"href":"https:\/\/xn--huracnpolmicocancnquintanaroo-knc6wmu.com\/index.php?rest_route=%2Fwp%2Fv2%2Fcategories&post=19190"},{"taxonomy":"post_tag","embeddable":true,"href":"https:\/\/xn--huracnpolmicocancnquintanaroo-knc6wmu.com\/index.php?rest_route=%2Fwp%2Fv2%2Ftags&post=19190"}],"curies":[{"name":"wp","href":"https:\/\/api.w.org\/{rel}","templated":true}]}}