{"id":19193,"date":"2023-10-06T23:15:34","date_gmt":"2023-10-07T04:15:34","guid":{"rendered":"https:\/\/xn--huracnpolmicocancnquintanaroo-knc6wmu.com\/?p=19193"},"modified":"2023-10-07T04:15:36","modified_gmt":"2023-10-07T04:15:36","slug":"retrasan-tramo-cancun-tulum-del-tren-maya","status":"publish","type":"post","link":"https:\/\/xn--huracnpolmicocancnquintanaroo-knc6wmu.com\/?p=19193","title":{"rendered":"Retrasan tramo Canc\u00fan-Tulum del Tren Maya"},"content":{"rendered":"<ul>\n<li><strong><em>L\u00f3pez Obrador reconoci\u00f3 este viernes que el Tren Maya arrancar\u00e1 el 15 de diciembre, pero que el tramo de Canc\u00fan a Tulum no estar\u00e1 listo para esa fecha.<\/em><\/strong><\/li>\n<\/ul>\n<p>El presidente Andr\u00e9s Manuel L\u00f3pez Obrador reconoci\u00f3 este viernes que el Tren Maya arrancar\u00e1 el 15 de diciembre, pero que el tramo de Canc\u00fan a Tulum no estar\u00e1 listo para esa fecha.<\/p>\n<p>En conferencia ma\u00f1anera este viernes en Canc\u00fan, el mandatario federal explic\u00f3 que este a\u00f1o s\u00f3lo entrar\u00e1 en funciones el tramo entre Palenque y Canc\u00fan, pero no los mil 554 kil\u00f3metros de la obra.<\/p>\n<p>Detall\u00f3 que el Tramo 5, que ha sido cuestionado y sometido a litigios, podr\u00eda quedar terminado hasta enero o febrero de 2024.<\/p>\n<div class=\"wp-block-columns is-layout-flex wp-container-2 wp-block-columns-is-layout-flex\">\n<div class=\"wp-block-column is-layout-flow wp-block-column-is-layout-flow\">\n<p>Adem\u00e1s, acept\u00f3 que la totalidad del Tren podr\u00eda quedar en funcionamiento hasta agosto del pr\u00f3ximo a\u00f1o, un mes antes de que termine el sexenio.<\/p>\n<p>\u201cVamos a poder inaugurar el tramo de Palenque a Canc\u00fan. El Tramo 5 va a quedar pendiente, pero como est\u00e1n trabajando las empresas, yo creo que a finales de enero\u201d, inform\u00f3.<\/p>\n<p>Esta no es la primera obra emblem\u00e1tica de la 4T que se va a inaugurar sin estar completamente terminada.<\/p>\n<p>En marzo de 2022, el Aeropuerto Internacional Felipe \u00c1ngeles fue inaugurado sin que las obras de conexi\u00f3n estuvieran concluidas. De hecho, el tren suburbano que conectar\u00e1 el centro de la Ciudad de M\u00e9xico con la terminal a\u00e9rea apenas quedar\u00e1 listo para el primer trimestre de 2024.<\/p>\n<p>Lo mismo ocurri\u00f3 con la refiner\u00eda Olmeca, en Dos Bocas, Tabasco, que fue inaugurada el 1 de julio de 2022, pero sin producir barriles de combustible.<\/p>\n<p>Seg\u00fan el presidente, apenas el pasado 3 de septiembre, la nueva planta de Pemex produjo su primer litro de gasolina.<\/p>\n<\/div>\n<\/div>\n","protected":false},"excerpt":{"rendered":"<p>L\u00f3pez Obrador reconoci\u00f3 este viernes que el Tren Maya arrancar\u00e1 el 15 de diciembre, pero&#8230;<\/p>\n","protected":false},"author":1,"featured_media":19195,"comment_status":"open","ping_status":"closed","sticky":false,"template":"","format":"standard","meta":{"footnotes":""},"categories":[2],"tags":[],"class_list":["post-19193","post","type-post","status-publish","format-standard","has-post-thumbnail","hentry","category-local"],"_links":{"self":[{"href":"https:\/\/xn--huracnpolmicocancnquintanaroo-knc6wmu.com\/index.php?rest_route=\/wp\/v2\/posts\/19193","targetHints":{"allow":["GET"]}}],"collection":[{"href":"https:\/\/xn--huracnpolmicocancnquintanaroo-knc6wmu.com\/index.php?rest_route=\/wp\/v2\/posts"}],"about":[{"href":"https:\/\/xn--huracnpolmicocancnquintanaroo-knc6wmu.com\/index.php?rest_route=\/wp\/v2\/types\/post"}],"author":[{"embeddable":true,"href":"https:\/\/xn--huracnpolmicocancnquintanaroo-knc6wmu.com\/index.php?rest_route=\/wp\/v2\/users\/1"}],"replies":[{"embeddable":true,"href":"https:\/\/xn--huracnpolmicocancnquintanaroo-knc6wmu.com\/index.php?rest_route=%2Fwp%2Fv2%2Fcomments&post=19193"}],"version-history":[{"count":1,"href":"https:\/\/xn--huracnpolmicocancnquintanaroo-knc6wmu.com\/index.php?rest_route=\/wp\/v2\/posts\/19193\/revisions"}],"predecessor-version":[{"id":19194,"href":"https:\/\/xn--huracnpolmicocancnquintanaroo-knc6wmu.com\/index.php?rest_route=\/wp\/v2\/posts\/19193\/revisions\/19194"}],"wp:featuredmedia":[{"embeddable":true,"href":"https:\/\/xn--huracnpolmicocancnquintanaroo-knc6wmu.com\/index.php?rest_route=\/wp\/v2\/media\/19195"}],"wp:attachment":[{"href":"https:\/\/xn--huracnpolmicocancnquintanaroo-knc6wmu.com\/index.php?rest_route=%2Fwp%2Fv2%2Fmedia&parent=19193"}],"wp:term":[{"taxonomy":"category","embeddable":true,"href":"https:\/\/xn--huracnpolmicocancnquintanaroo-knc6wmu.com\/index.php?rest_route=%2Fwp%2Fv2%2Fcategories&post=19193"},{"taxonomy":"post_tag","embeddable":true,"href":"https:\/\/xn--huracnpolmicocancnquintanaroo-knc6wmu.com\/index.php?rest_route=%2Fwp%2Fv2%2Ftags&post=19193"}],"curies":[{"name":"wp","href":"https:\/\/api.w.org\/{rel}","templated":true}]}}