{"id":19235,"date":"2023-10-08T15:45:47","date_gmt":"2023-10-08T20:45:47","guid":{"rendered":"https:\/\/xn--huracnpolmicocancnquintanaroo-knc6wmu.com\/?p=19235"},"modified":"2023-10-08T20:45:49","modified_gmt":"2023-10-08T20:45:49","slug":"cancun-hoteleros-piden-fecha-para-restablecer-la-visa-electronica-a-brasilenos","status":"publish","type":"post","link":"https:\/\/xn--huracnpolmicocancnquintanaroo-knc6wmu.com\/?p=19235","title":{"rendered":"Canc\u00fan: hoteleros piden fecha para restablecer la visa electr\u00f3nica a brasile\u00f1os"},"content":{"rendered":"<p>Aunque el pasado 23 de julio se anunci\u00f3 un acuerdo entre M\u00e9xico y Brasil para restablecer el visado electr\u00f3nico que facilite la llegada de ese turismo sudamericano al pa\u00eds, a\u00fan no hay fecha para que esta medida se implemente, revel\u00f3 Toni Chaves, presidente de la Asociaci\u00f3n de Hoteles de la Riviera Maya y del Consejo Hotelero del Caribe Mexicano.<\/p>\n<p>El l\u00edder hotelero asegur\u00f3 que el mercado de Brasil sigue demandando paquetes vacacionales hacia el Caribe mexicano, pero ante la cancelaci\u00f3n de vuelos directos desde el a\u00f1o pasado, estos viajeros tienen que llegar a Canc\u00fan mediante vuelos con escala en Panam\u00e1 o Estados Unidos.<\/p>\n<p>Esa necesidad de triangular los viajes complica su llegada, pues en los hechos, aunque siguen visitando el Caribe mexicano, su n\u00famero es mucho menor que en a\u00f1os anteriores; sin embargo, se mantiene la esperanza de que este mismo a\u00f1o se restablezca la visa electr\u00f3nica para ese importante mercado emisor, explic\u00f3 Chaves.<\/p>\n<p>\u201cLes gusta el Caribe mexicano y estamos recibiendo brasile\u00f1os, pero v\u00eda Panam\u00e1 o Miami, no son vuelos directos y esto les dificulta (la llegada). El avance es que hemos tomado el pulso del mercado y sabemos que mantienen el inter\u00e9s; ahora queda que las autoridades aceleren el proceso de la visa electr\u00f3nica, pero no nos han dicho cu\u00e1ndo\u201d, manifest\u00f3 el l\u00edder hotelero.<\/p>\n<p>La informaci\u00f3n que se brind\u00f3 a los hoteleros es que el restablecimiento de las visas electr\u00f3nicas ya es una decisi\u00f3n tomada, la cual viene acompa\u00f1ada de un acuerdo entre las autoridades migratorias de ambos pa\u00edses para cruzar informaci\u00f3n v\u00eda electr\u00f3nica que permita acelerar los filtros de entrada y salida en ambos pa\u00edses. Toni Chaves record\u00f3 que, hasta antes de la cancelaci\u00f3n de las visas, exist\u00edan cinco vuelos directos entre Brasil y Canc\u00fan, los cuales fueron cancelados.<\/p>\n<p>Ante ello y con la confianza en que pronto se normalice este tr\u00e1mite migratorio, los hoteleros de Canc\u00fan y la Riviera Maya participaron recientemente en la Feria de las Am\u00e9ricas 2023 celebrada en Rio de Janeiro, con el objetivo de seguir promocionando el Caribe mexicano y mantenerse en la mente del viajero brasile\u00f1o.<\/p>\n<p>Por su parte, el periodista especializado en turismo, Carlos Vel\u00e1squez, expres\u00f3: \u201cAunque Alicia B\u00e1rcena, titular de Relaciones Exteriores, anunci\u00f3 que activar\u00eda las visas electr\u00f3nicas para los brasile\u00f1os, resulta que no ha pasado nada as\u00ed es que fue poco lo que pudieron cerrar los empresarios y especialistas en promoci\u00f3n de Quintana Roo en ABAV, la feria internacional de turismo de Brasil, que se llev\u00f3 a cabo la semana pasada\u201d.<\/p>\n<p>Agreg\u00f3 que, seg\u00fan las cifras de la Unidad de Pol\u00edtica Migratoria del Instituto Nacional de Migraci\u00f3n, en 2021 llegaron cerca de 300 mil brasile\u00f1os y hasta mayo de este a\u00f1o, hab\u00eda una contracci\u00f3n de 45% en la llegada de brasile\u00f1os respecto a los primeros cinco meses de 2022.<\/p>\n<p>\u201cLa se\u00f1ora B\u00e1rcena tiene entonces el pendiente de hacer efectiva su palabra, para que los aplausos que recibi\u00f3 al inicio de su gesti\u00f3n por la promesa de la visa electr\u00f3nica no se conviertan en abucheos\u201d, finaliz\u00f3 Vel\u00e1squez.<\/p>\n<p>Como lo inform\u00f3\u00a0<em>REPORTUR.mx<\/em>, el Consejo Empresarial Nacional Tur\u00edstico (CNET), por intermedio de su presidente Braulio Arsuaga, reconoci\u00f3 en julio, como positiva la decisi\u00f3n del gobierno de volver a implementar junto con Brasil el sistema de visado electr\u00f3nico para facilitar la movilidad de los ciudadanos que viajan entre ambos pa\u00edses.<\/p>\n","protected":false},"excerpt":{"rendered":"<p>Aunque el pasado 23 de julio se anunci\u00f3 un acuerdo entre M\u00e9xico y Brasil para&#8230;<\/p>\n","protected":false},"author":1,"featured_media":19237,"comment_status":"open","ping_status":"closed","sticky":false,"template":"","format":"standard","meta":{"footnotes":""},"categories":[2],"tags":[],"class_list":["post-19235","post","type-post","status-publish","format-standard","has-post-thumbnail","hentry","category-local"],"_links":{"self":[{"href":"https:\/\/xn--huracnpolmicocancnquintanaroo-knc6wmu.com\/index.php?rest_route=\/wp\/v2\/posts\/19235","targetHints":{"allow":["GET"]}}],"collection":[{"href":"https:\/\/xn--huracnpolmicocancnquintanaroo-knc6wmu.com\/index.php?rest_route=\/wp\/v2\/posts"}],"about":[{"href":"https:\/\/xn--huracnpolmicocancnquintanaroo-knc6wmu.com\/index.php?rest_route=\/wp\/v2\/types\/post"}],"author":[{"embeddable":true,"href":"https:\/\/xn--huracnpolmicocancnquintanaroo-knc6wmu.com\/index.php?rest_route=\/wp\/v2\/users\/1"}],"replies":[{"embeddable":true,"href":"https:\/\/xn--huracnpolmicocancnquintanaroo-knc6wmu.com\/index.php?rest_route=%2Fwp%2Fv2%2Fcomments&post=19235"}],"version-history":[{"count":1,"href":"https:\/\/xn--huracnpolmicocancnquintanaroo-knc6wmu.com\/index.php?rest_route=\/wp\/v2\/posts\/19235\/revisions"}],"predecessor-version":[{"id":19236,"href":"https:\/\/xn--huracnpolmicocancnquintanaroo-knc6wmu.com\/index.php?rest_route=\/wp\/v2\/posts\/19235\/revisions\/19236"}],"wp:featuredmedia":[{"embeddable":true,"href":"https:\/\/xn--huracnpolmicocancnquintanaroo-knc6wmu.com\/index.php?rest_route=\/wp\/v2\/media\/19237"}],"wp:attachment":[{"href":"https:\/\/xn--huracnpolmicocancnquintanaroo-knc6wmu.com\/index.php?rest_route=%2Fwp%2Fv2%2Fmedia&parent=19235"}],"wp:term":[{"taxonomy":"category","embeddable":true,"href":"https:\/\/xn--huracnpolmicocancnquintanaroo-knc6wmu.com\/index.php?rest_route=%2Fwp%2Fv2%2Fcategories&post=19235"},{"taxonomy":"post_tag","embeddable":true,"href":"https:\/\/xn--huracnpolmicocancnquintanaroo-knc6wmu.com\/index.php?rest_route=%2Fwp%2Fv2%2Ftags&post=19235"}],"curies":[{"name":"wp","href":"https:\/\/api.w.org\/{rel}","templated":true}]}}