{"id":19292,"date":"2023-10-11T19:29:02","date_gmt":"2023-10-12T00:29:02","guid":{"rendered":"https:\/\/xn--huracnpolmicocancnquintanaroo-knc6wmu.com\/?p=19292"},"modified":"2023-10-12T00:29:04","modified_gmt":"2023-10-12T00:29:04","slug":"cancun-travel-mart-2023-anuncia-nueva-edicion-y-sus-invitados","status":"publish","type":"post","link":"https:\/\/xn--huracnpolmicocancnquintanaroo-knc6wmu.com\/?p=19292","title":{"rendered":"Canc\u00fan Travel Mart 2023 anuncia nueva edici\u00f3n y sus invitados"},"content":{"rendered":"<div class=\"newsfull__excerpt\">\n<h4 style=\"text-align: center;\">El\u00a0Canc\u00fan Travel Mart 2023 estar\u00e1 de regreso en este mes de octubre con su 35 edici\u00f3n<\/h4>\n<\/div>\n<div class=\"newsfull__line\">\n<div class=\"newsfull__author--media\">\n<p>El\u00a0<strong>Canc\u00fan Travel Mart 2023<\/strong>\u00a0regresa nuevamente este a\u00f1o con una adici\u00f3n importante, al igual que el resto que se han estado llevando a cabo desde ya muchos a\u00f1os atr\u00e1s, con ciertos objetivos relacionados con el turismo de la ciudad de Canc\u00fan espec\u00edficamente.<\/p>\n<p>A continuaci\u00f3n te mencionaremos cada uno de los detalles confirmados de este evento tur\u00edstico, donde se espera una cantidad espec\u00edfica de invitados internacionales, que sin duda tendr\u00e1n mucha relevancia debido a su conexi\u00f3n con este destino en M\u00e9xico.<\/p>\n<h2>\u00bfD\u00f3nde se llevar\u00e1 a cabo el Canc\u00fan Travel Mart 2023?<\/h2>\n<p>El\u00a0<strong>Canc\u00fan Travel Mart 2023<\/strong>\u00a0ha confirmado su edici\u00f3n 35 para este a\u00f1o, junto con sus actividades al igual que los destinos provenientes de los invitados que estar\u00e1n de invitados en el evento. El lugar donde se llevar\u00e1 a cabo ser\u00e1 en el hotel Iberostar Selection Canc\u00fan.<\/p>\n<p>Mientras que las personas las cuales estar\u00e1n invitadas provienen de diferentes pa\u00edses, siendo en total 16:\u00a0Alemania, Australia, Brasil, Canad\u00e1, Colombia, Costa Rica, Ecuador, India, Israel, Per\u00fa, Emiratos \u00c1rabes Unidos, Estados Unidos, Espa\u00f1a, Suiza, Turqu\u00eda y finalmente Reino Unido.<\/p>\n<p>El objetivo de esta edici\u00f3n de Canc\u00fan Travel Mart 2023 es lograr atraer la atenci\u00f3n de algunos mercados, principalmente el de ingl\u00e9s como tambi\u00e9n el alem\u00e1n, siendo confirmado por Jes\u00fas Almaguer, presidente de la Asociaci\u00f3n de Hoteles en Canc\u00fan, Puerto Morelos e\u00a0Isla Mujeres.<\/p>\n<h2>\u00bfCu\u00e1ndo ser\u00e1 el Canc\u00fan Travel Mart 2023?<\/h2>\n<div>\n<p>El\u00a0<strong>Canc\u00fan Travel Mart 2023<\/strong>\u00a0ante la confirmaci\u00f3n de su nueva edici\u00f3n para este a\u00f1o en el hotel Iberostar Selection Canc\u00fan donde se llevar\u00e1 a cabo, tambi\u00e9n revel\u00f3 las fechas oficiales que estar\u00e1 presente y as\u00ed las personas interesadas podr\u00e1n asistir. En este mes de\u00a0octubre\u00a0ser\u00e1 cuando el evento relacionado con el turismo.<\/p>\n<p>El d\u00eda que iniciar\u00e1 el jueves 11 y finalizar\u00e1 hasta el viernes 13 del mismo mes, por lo que en estos d\u00edas tambi\u00e9n se espera un total de 3.000 citas con mayoristas de los 16 pa\u00edses para que as\u00ed se realicen pl\u00e1ticas relacionadas con la temporada de invierno, que ya casi se acerca. Al igual que tarifas hoteleras a finales de 2023.<\/p>\n<\/div>\n<\/div>\n<\/div>\n","protected":false},"excerpt":{"rendered":"<p>El\u00a0Canc\u00fan Travel Mart 2023 estar\u00e1 de regreso en este mes de octubre con su 35&#8230;<\/p>\n","protected":false},"author":1,"featured_media":19294,"comment_status":"open","ping_status":"closed","sticky":false,"template":"","format":"standard","meta":{"footnotes":""},"categories":[2],"tags":[],"class_list":["post-19292","post","type-post","status-publish","format-standard","has-post-thumbnail","hentry","category-local"],"_links":{"self":[{"href":"https:\/\/xn--huracnpolmicocancnquintanaroo-knc6wmu.com\/index.php?rest_route=\/wp\/v2\/posts\/19292","targetHints":{"allow":["GET"]}}],"collection":[{"href":"https:\/\/xn--huracnpolmicocancnquintanaroo-knc6wmu.com\/index.php?rest_route=\/wp\/v2\/posts"}],"about":[{"href":"https:\/\/xn--huracnpolmicocancnquintanaroo-knc6wmu.com\/index.php?rest_route=\/wp\/v2\/types\/post"}],"author":[{"embeddable":true,"href":"https:\/\/xn--huracnpolmicocancnquintanaroo-knc6wmu.com\/index.php?rest_route=\/wp\/v2\/users\/1"}],"replies":[{"embeddable":true,"href":"https:\/\/xn--huracnpolmicocancnquintanaroo-knc6wmu.com\/index.php?rest_route=%2Fwp%2Fv2%2Fcomments&post=19292"}],"version-history":[{"count":1,"href":"https:\/\/xn--huracnpolmicocancnquintanaroo-knc6wmu.com\/index.php?rest_route=\/wp\/v2\/posts\/19292\/revisions"}],"predecessor-version":[{"id":19293,"href":"https:\/\/xn--huracnpolmicocancnquintanaroo-knc6wmu.com\/index.php?rest_route=\/wp\/v2\/posts\/19292\/revisions\/19293"}],"wp:featuredmedia":[{"embeddable":true,"href":"https:\/\/xn--huracnpolmicocancnquintanaroo-knc6wmu.com\/index.php?rest_route=\/wp\/v2\/media\/19294"}],"wp:attachment":[{"href":"https:\/\/xn--huracnpolmicocancnquintanaroo-knc6wmu.com\/index.php?rest_route=%2Fwp%2Fv2%2Fmedia&parent=19292"}],"wp:term":[{"taxonomy":"category","embeddable":true,"href":"https:\/\/xn--huracnpolmicocancnquintanaroo-knc6wmu.com\/index.php?rest_route=%2Fwp%2Fv2%2Fcategories&post=19292"},{"taxonomy":"post_tag","embeddable":true,"href":"https:\/\/xn--huracnpolmicocancnquintanaroo-knc6wmu.com\/index.php?rest_route=%2Fwp%2Fv2%2Ftags&post=19292"}],"curies":[{"name":"wp","href":"https:\/\/api.w.org\/{rel}","templated":true}]}}