{"id":19385,"date":"2023-10-17T13:35:23","date_gmt":"2023-10-17T18:35:23","guid":{"rendered":"https:\/\/xn--huracnpolmicocancnquintanaroo-knc6wmu.com\/?p=19385"},"modified":"2023-10-17T18:35:25","modified_gmt":"2023-10-17T18:35:25","slug":"constata-ana-paty-peralta-ruta-del-librobus-en-cancun","status":"publish","type":"post","link":"https:\/\/xn--huracnpolmicocancnquintanaroo-knc6wmu.com\/?p=19385","title":{"rendered":"CONSTATA ANA PATY PERALTA RUTA DEL \u201cLIBROB\u00daS\u201d EN CANC\u00daN"},"content":{"rendered":"<p style=\"font-weight: 400;\">Como parte de las actividades que se realizan cada inicio de semana en diferentes planteles educativos, la Presidenta Municipal, Ana Paty Peralta, encabez\u00f3 homenaje c\u00edvico en la Universidad Aut\u00f3noma del Estado de Quintana Roo, campus Canc\u00fan (UQROO) y constat\u00f3 el primer d\u00eda de actividades de la ruta del \u201cLibrob\u00fas\u201d, una librer\u00eda m\u00f3vil que ha recorrido varios puntos de la ciudad.<\/p>\n<p style=\"font-weight: 400;\">\n<p style=\"font-weight: 400;\">Luego del homenaje c\u00edvico, realizado por primera vez en una universidad de esta ciudad, y tras la ordenanza al L\u00e1baro Patrio y la entonaci\u00f3n de los Himnos Nacional Mexicano y de Quintana Roo, la Primera Autoridad Municipal hizo un llamado a los j\u00f3venes a que estudien mucho y ayuden a la autoridad con propuestas y soluciones a las problem\u00e1ticas, causas sociales y proyectos en la ciudad, ya que es importante su participaci\u00f3n activa para renovar Canc\u00fan.<\/p>\n<p style=\"font-weight: 400;\">\n<p style=\"font-weight: 400;\">Destac\u00f3 que los j\u00f3venes no son el futuro, sino el presente de la ciudad, por lo que se debe de trabajar unidos para hacer la diferencia, pidiendo que cada uno de ellos ponga el ejemplo, haga acciones en pro de Canc\u00fan, por su comunidad, que se ayuden, que se respeten, que se cuiden y que si hay injusticias levanten la voz, levanten la mano para que esas injusticias se acaben.<\/p>\n<p style=\"font-weight: 400;\">\n<p style=\"font-weight: 400;\">\u201cQuiero agradecer enormemente al Instituto de Cultura que trabaja en coordinaci\u00f3n con el Fondo de Cultura Econ\u00f3mica por traer este \u00b4Librob\u00fas\u00b4, que ser\u00e1 muy importante para los j\u00f3venes de esta universidad y que lo estaremos llevando a otros espacios de nuestro municipio\u201d,\u00a0 expres\u00f3<\/p>\n<p style=\"font-weight: 400;\">\n<p style=\"font-weight: 400;\">Por su parte, el director de la instituci\u00f3n, V\u00edctor Andr\u00e9s Gaber Bustillos, expres\u00f3 que estas acciones son la suma de esfuerzos donde la educaci\u00f3n se une, sobre todo en este primer evento c\u00edvico que se hace en la UQROO, actividad que en las universidades se ha perdido y se deber\u00edan de retomar.<\/p>\n<p style=\"font-weight: 400;\">\n<p style=\"font-weight: 400;\">\u201cEs importante para nosotros su visita,\u00a0 porque constata la parte que a nosotros nos corresponde, ese granito de arena en la educaci\u00f3n se est\u00e1 llevando a cabo, al igual que el granito de arena por Canc\u00fan lo estamos poniendo, tratando de cuidar a la juventud que est\u00e1 siendo positiva de este entorno que tanto queremos donde muchos estudiantes destacan en diversas actividades que se realizan en la instituci\u00f3n\u201d, dijo.<\/p>\n<p style=\"font-weight: 400;\">\n<p style=\"font-weight: 400;\">Al t\u00e9rmino del evento c\u00edvico, la Presidenta Municipal acudi\u00f3 al punto donde se instal\u00f3 el \u201cLibrob\u00fas\u201d en dicha casa de estudios, a un costado de las canchas de usos m\u00faltiples, en donde verific\u00f3 los beneficios que lleva este programa los estudiantes.<\/p>\n<p style=\"font-weight: 400;\">\n<p style=\"font-weight: 400;\"><b><strong>************<\/strong><\/b><\/p>\n<p style=\"font-weight: 400;\"><b><strong>\u00a0<\/strong><\/b><\/p>\n<p style=\"font-weight: 400;\"><b><strong>COMPLEMENTOS INFORMATIVOS<\/strong><\/b><\/p>\n<p style=\"font-weight: 400;\">\n<p style=\"font-weight: 400;\">NUMERALIAS:<\/p>\n<p style=\"font-weight: 400;\">2015 a\u00f1o que se fund\u00f3 el campus<\/p>\n<p style=\"font-weight: 400;\">1600 estudiantes en la Universidad de Quintana Roo, campus Canc\u00fan (UQROO)<\/p>\n<p style=\"font-weight: 400;\">125 docentes<\/p>\n<p style=\"font-weight: 400;\">38 aulas<\/p>\n<p style=\"font-weight: 400;\">\n<p style=\"font-weight: 400;\">\n<p style=\"font-weight: 400;\"><b><strong>CONTEXTO:<\/strong><\/b><\/p>\n<p style=\"font-weight: 400;\">\n<p style=\"font-weight: 400;\">El \u201cLibrob\u00fas\u201d es una librer\u00eda m\u00f3vil que cuenta con dos operadores y un cuentacuentos, que se instalan todo un d\u00eda en una plaza p\u00fablica, cancha techada, escuela o similar, lo cual puede hacerse en el marco de diferentes actividades culturales, art\u00edsticas y literarias, y pueden convocarse estudiantes de todos los grados escolares, promotores voluntarios de lectura y escritores, incluso principiantes que quieran compartir un fragmento de su obra al p\u00fablico en general.<\/p>\n<p style=\"font-weight: 400;\">\n<p style=\"font-weight: 400;\"><b><strong>HECHO:<\/strong><\/b><\/p>\n<p style=\"font-weight: 400;\">\n<p style=\"font-weight: 400;\">Como parte de la ruta en Canc\u00fan, el \u201cLibrob\u00fas\u201d estuvo el pasado s\u00e1bado 14 de octubre en el FARO Quintana Roo en Villas Otoch Para\u00edso; el domingo 15 en el Tianguis de la Supermanzana 100 y la Plaza de la Reforma del Palacio Municipal; y este lunes 16 tambi\u00e9n en el Centro de Desarrollo Comunitario (CDC) de la Supermanzana 510.<\/p>\n","protected":false},"excerpt":{"rendered":"<p>Como parte de las actividades que se realizan cada inicio de semana en diferentes planteles&#8230;<\/p>\n","protected":false},"author":1,"featured_media":19387,"comment_status":"open","ping_status":"closed","sticky":false,"template":"","format":"standard","meta":{"footnotes":""},"categories":[2],"tags":[],"class_list":["post-19385","post","type-post","status-publish","format-standard","has-post-thumbnail","hentry","category-local"],"_links":{"self":[{"href":"https:\/\/xn--huracnpolmicocancnquintanaroo-knc6wmu.com\/index.php?rest_route=\/wp\/v2\/posts\/19385","targetHints":{"allow":["GET"]}}],"collection":[{"href":"https:\/\/xn--huracnpolmicocancnquintanaroo-knc6wmu.com\/index.php?rest_route=\/wp\/v2\/posts"}],"about":[{"href":"https:\/\/xn--huracnpolmicocancnquintanaroo-knc6wmu.com\/index.php?rest_route=\/wp\/v2\/types\/post"}],"author":[{"embeddable":true,"href":"https:\/\/xn--huracnpolmicocancnquintanaroo-knc6wmu.com\/index.php?rest_route=\/wp\/v2\/users\/1"}],"replies":[{"embeddable":true,"href":"https:\/\/xn--huracnpolmicocancnquintanaroo-knc6wmu.com\/index.php?rest_route=%2Fwp%2Fv2%2Fcomments&post=19385"}],"version-history":[{"count":1,"href":"https:\/\/xn--huracnpolmicocancnquintanaroo-knc6wmu.com\/index.php?rest_route=\/wp\/v2\/posts\/19385\/revisions"}],"predecessor-version":[{"id":19386,"href":"https:\/\/xn--huracnpolmicocancnquintanaroo-knc6wmu.com\/index.php?rest_route=\/wp\/v2\/posts\/19385\/revisions\/19386"}],"wp:featuredmedia":[{"embeddable":true,"href":"https:\/\/xn--huracnpolmicocancnquintanaroo-knc6wmu.com\/index.php?rest_route=\/wp\/v2\/media\/19387"}],"wp:attachment":[{"href":"https:\/\/xn--huracnpolmicocancnquintanaroo-knc6wmu.com\/index.php?rest_route=%2Fwp%2Fv2%2Fmedia&parent=19385"}],"wp:term":[{"taxonomy":"category","embeddable":true,"href":"https:\/\/xn--huracnpolmicocancnquintanaroo-knc6wmu.com\/index.php?rest_route=%2Fwp%2Fv2%2Fcategories&post=19385"},{"taxonomy":"post_tag","embeddable":true,"href":"https:\/\/xn--huracnpolmicocancnquintanaroo-knc6wmu.com\/index.php?rest_route=%2Fwp%2Fv2%2Ftags&post=19385"}],"curies":[{"name":"wp","href":"https:\/\/api.w.org\/{rel}","templated":true}]}}