{"id":19607,"date":"2023-11-01T16:30:36","date_gmt":"2023-11-01T21:30:36","guid":{"rendered":"https:\/\/xn--huracnpolmicocancnquintanaroo-knc6wmu.com\/?p=19607"},"modified":"2023-11-01T21:30:38","modified_gmt":"2023-11-01T21:30:38","slug":"se-realizara-en-cancun-el-encuentro-nacional-de-yoga","status":"publish","type":"post","link":"https:\/\/xn--huracnpolmicocancnquintanaroo-knc6wmu.com\/?p=19607","title":{"rendered":"Se realizar\u00e1 en Canc\u00fan el Encuentro Nacional de Yoga"},"content":{"rendered":"<ul>\n<li><strong><em>El Encuentro Nacional de Yoga se har\u00e1 en Canc\u00fan del 10 al 12 de noviembre.<\/em><\/strong><\/li>\n<\/ul>\n<p>Por primera ocasi\u00f3n, el Caribe Mexicano ser\u00e1 sede del Encuentro Nacional de Yoga, pues la edici\u00f3n n\u00famero 20 se llevar\u00e1 a cabo en Canc\u00fan, donde contemplan actividades gratuitas y otras con un previo registro.<\/p>\n<p>Ana Paula Dom\u00ednguez, fundadora y directora del Instituto Mexicano de Yoga, expres\u00f3 que durante 19 a\u00f1os este evento se desarroll\u00f3 en la Ciudad de M\u00e9xico, sin embargo, tras un acuerdo con el Consejo de Promoci\u00f3n Tur\u00edstica de Quintana Roo (CPTQ), el encuentro ser\u00e1 del 10 al 12 de noviembre en Canc\u00fan.<\/p>\n<p>\u201cEstamos emocionados de que llegue este evento a Canc\u00fan que le hace tanta falta, siento que a veces uno piensa en Canc\u00fan y piensa en revent\u00f3n y es momento de que la gente piense en Canc\u00fan y en bienestar, en c\u00f3mo puedes mejorar tu salud\u201d.<\/p>\n<p>Como parte de las actividades que se estar\u00e1n desarrollando del 10 al 12 de noviembre se encuentra un evento gratuito en Malec\u00f3n Tajamar, donde la gente puede llevar su tapete de yoga donde maestros ofrecer\u00e1n sesiones m\u00e1s cortas para todo el p\u00fablico.<\/p>\n<p>Durante el fin de semana se espera la asistencia de 3 mil personas, al precisar que practicar yoga tiene efectos positivos en la salud y el bienestar de la poblaci\u00f3n, por ello prev\u00e9n que m\u00e1s gente se acerque a esta actividad.<\/p>\n<p>Con la pandemia se present\u00f3 una disminuci\u00f3n en las clases de yoga, pero tras el confinamiento han notado un crecimiento, pues en Canc\u00fan se han generado nuevas escuelas de esta disciplina, dijo la organizadora.<\/p>\n<p>\u201cLa gente cada vez m\u00e1s est\u00e1 buscando esto, no s\u00f3lo por la salud f\u00edsica, sino tambi\u00e9n por la salud mental; yo creo que por lo menos 50 escuelas de yoga (existen en Canc\u00fan), pero s\u00ed muchas maestras de yoga te dan clases de forma privada, entonces claro que s\u00ed hay muchos practicantes de yoga\u201d.<\/p>\n<p>Ana Paula Dom\u00ednguez manifest\u00f3 que ya tienen participantes inscritos de Texas y Miami para las actividades que requieren de un previo registro, adem\u00e1s hay un cami\u00f3n con gente de M\u00e9rida que acudir\u00e1 a Malec\u00f3n Tajamar, lo cual, sostuvo, confirma que este encuentro ya es un referente a nivel nacional.<\/p>\n<div class=\"wp-block-image is-style-rounded\"><\/div>\n","protected":false},"excerpt":{"rendered":"<p>El Encuentro Nacional de Yoga se har\u00e1 en Canc\u00fan del 10 al 12 de noviembre&#8230;.<\/p>\n","protected":false},"author":1,"featured_media":19609,"comment_status":"open","ping_status":"closed","sticky":false,"template":"","format":"standard","meta":{"footnotes":""},"categories":[2],"tags":[],"class_list":["post-19607","post","type-post","status-publish","format-standard","has-post-thumbnail","hentry","category-local"],"_links":{"self":[{"href":"https:\/\/xn--huracnpolmicocancnquintanaroo-knc6wmu.com\/index.php?rest_route=\/wp\/v2\/posts\/19607","targetHints":{"allow":["GET"]}}],"collection":[{"href":"https:\/\/xn--huracnpolmicocancnquintanaroo-knc6wmu.com\/index.php?rest_route=\/wp\/v2\/posts"}],"about":[{"href":"https:\/\/xn--huracnpolmicocancnquintanaroo-knc6wmu.com\/index.php?rest_route=\/wp\/v2\/types\/post"}],"author":[{"embeddable":true,"href":"https:\/\/xn--huracnpolmicocancnquintanaroo-knc6wmu.com\/index.php?rest_route=\/wp\/v2\/users\/1"}],"replies":[{"embeddable":true,"href":"https:\/\/xn--huracnpolmicocancnquintanaroo-knc6wmu.com\/index.php?rest_route=%2Fwp%2Fv2%2Fcomments&post=19607"}],"version-history":[{"count":1,"href":"https:\/\/xn--huracnpolmicocancnquintanaroo-knc6wmu.com\/index.php?rest_route=\/wp\/v2\/posts\/19607\/revisions"}],"predecessor-version":[{"id":19608,"href":"https:\/\/xn--huracnpolmicocancnquintanaroo-knc6wmu.com\/index.php?rest_route=\/wp\/v2\/posts\/19607\/revisions\/19608"}],"wp:featuredmedia":[{"embeddable":true,"href":"https:\/\/xn--huracnpolmicocancnquintanaroo-knc6wmu.com\/index.php?rest_route=\/wp\/v2\/media\/19609"}],"wp:attachment":[{"href":"https:\/\/xn--huracnpolmicocancnquintanaroo-knc6wmu.com\/index.php?rest_route=%2Fwp%2Fv2%2Fmedia&parent=19607"}],"wp:term":[{"taxonomy":"category","embeddable":true,"href":"https:\/\/xn--huracnpolmicocancnquintanaroo-knc6wmu.com\/index.php?rest_route=%2Fwp%2Fv2%2Fcategories&post=19607"},{"taxonomy":"post_tag","embeddable":true,"href":"https:\/\/xn--huracnpolmicocancnquintanaroo-knc6wmu.com\/index.php?rest_route=%2Fwp%2Fv2%2Ftags&post=19607"}],"curies":[{"name":"wp","href":"https:\/\/api.w.org\/{rel}","templated":true}]}}