{"id":1970,"date":"2020-11-17T19:02:09","date_gmt":"2020-11-17T19:02:09","guid":{"rendered":"http:\/\/whatsappcancun.com\/?p=1970"},"modified":"2020-11-17T19:02:09","modified_gmt":"2020-11-17T19:02:09","slug":"video-huracan-iota-azota-con-fuerza-la-costa-de-nicaragua","status":"publish","type":"post","link":"https:\/\/xn--huracnpolmicocancnquintanaroo-knc6wmu.com\/?p=1970","title":{"rendered":"Video: hurac\u00e1n Iota azota con fuerza la costa de Nicaragua"},"content":{"rendered":"\n<p>Centro Nacional de Huracanes detecta adem\u00e1s una nueva zona de instabilidad en el Mar Caribe.<\/p>\n\n\n\n<p>Los&nbsp;<strong>vientos categor\u00eda 5 del hurac\u00e1n Iota<\/strong>&nbsp;dejan sentir su fuerza sobre Nicaragua, donde el fen\u00f3meno ya yoc\u00f3 tierra alrededor de las 19 horas de hoy.<\/p>\n\n\n\n<p>De acuerdo con el reporte del Centro Nacional de Huracanes de Estados Unidos, Iota se localiza cerca de la latitud 13.6 Norte, longitud 83.0 Oeste, movi\u00e9ndose hacia el oeste a cerca de 15 kil\u00f3metros por hora.<\/p>\n\n\n\n<p>Se pronostica que el fen\u00f3meno se mueva hacia el Oeste-Oeste suroeste, adentr\u00e1ndose sobre Am\u00e9rica Central el mi\u00e9rcoles.<\/p>\n\n\n\n<p>Los vientos m\u00e1ximos sostenidos del&nbsp;<strong>hurac\u00e1n Iota est\u00e1n cerca de los 260 kil\u00f3metros por hora<\/strong>&nbsp;con r\u00e1fagas m\u00e1s fuertes.&nbsp;<\/p>\n\n\n\n<p>En redes sociales, ciudadanos nicarag\u00fcenses comparten videos y fotograf\u00edas en los que se ve la fuerza de los vientos del hurac\u00e1n Iota.<\/p>\n\n\n\n<figure class=\"wp-block-embed-twitter wp-block-embed is-type-rich is-provider-twitter\"><div class=\"wp-block-embed__wrapper\">\n<blockquote class=\"twitter-tweet\" data-width=\"550\" data-dnt=\"true\"><p lang=\"es\" dir=\"ltr\">\ud83d\udea8MINUTO A MINUTO\ud83d\udea8: HURAC\u00c1N \ud83c\udf00<a href=\"https:\/\/twitter.com\/hashtag\/IOTA?src=hash&amp;ref_src=twsrc%5Etfw\">#IOTA<\/a>.<br><br>Los vientos y lluvia del cicl\u00f3n de categor\u00eda 5 azota con toda su furia la ciudad de Bilwi, en \ud83c\uddf3\ud83c\uddee<a href=\"https:\/\/twitter.com\/hashtag\/Nicaragua?src=hash&amp;ref_src=twsrc%5Etfw\">#Nicaragua<\/a>. <a href=\"https:\/\/twitter.com\/hashtag\/Iota?src=hash&amp;ref_src=twsrc%5Etfw\">#Iota<\/a> <a href=\"https:\/\/twitter.com\/hashtag\/HuracanIota?src=hash&amp;ref_src=twsrc%5Etfw\">#HuracanIota<\/a> <a href=\"https:\/\/twitter.com\/hashtag\/IOTAstrong?src=hash&amp;ref_src=twsrc%5Etfw\">#IOTAstrong<\/a> <a href=\"https:\/\/twitter.com\/hashtag\/HurricaneIota?src=hash&amp;ref_src=twsrc%5Etfw\">#HurricaneIota<\/a> <a href=\"https:\/\/t.co\/bxKZOaVmNi\">pic.twitter.com\/bxKZOaVmNi<\/a><\/p>&mdash; Rochex Rababel Robinson Bonilla (@RochexRB27) <a href=\"https:\/\/twitter.com\/RochexRB27\/status\/1328500649068273664?ref_src=twsrc%5Etfw\">November 17, 2020<\/a><\/blockquote><script async src=\"https:\/\/platform.twitter.com\/widgets.js\" charset=\"utf-8\"><\/script>\n<\/div><\/figure>\n\n\n\n<figure class=\"wp-block-embed-twitter wp-block-embed is-type-rich is-provider-twitter\"><div class=\"wp-block-embed__wrapper\">\n<blockquote class=\"twitter-tweet\" data-width=\"550\" data-dnt=\"true\"><p lang=\"es\" dir=\"ltr\"><a href=\"https:\/\/twitter.com\/hashtag\/Hurac%C3%A1nIOTA?src=hash&amp;ref_src=twsrc%5Etfw\">#Hurac\u00e1nIOTA<\/a> Desde la sede Cruz Roja Nicarag\u00fcense en <a href=\"https:\/\/twitter.com\/hashtag\/Bilwi?src=hash&amp;ref_src=twsrc%5Etfw\">#Bilwi<\/a> as\u00ed se sienten los vientos con lluvia de <a href=\"https:\/\/twitter.com\/hashtag\/IOTA?src=hash&amp;ref_src=twsrc%5Etfw\">#IOTA<\/a> <a href=\"https:\/\/t.co\/zvMwFTuCm6\">pic.twitter.com\/zvMwFTuCm6<\/a><\/p>&mdash; Gerall Ch\u00e1vez (@GerallChavez) <a href=\"https:\/\/twitter.com\/GerallChavez\/status\/1328492144965906437?ref_src=twsrc%5Etfw\">November 17, 2020<\/a><\/blockquote><script async src=\"https:\/\/platform.twitter.com\/widgets.js\" charset=\"utf-8\"><\/script>\n<\/div><\/figure>\n\n\n\n<p>El hurac\u00e1n Iota toc\u00f3 tierra en\u00a0<strong>Puerto Cabezas, Nicaragua.<\/strong><\/p>\n\n\n\n<figure class=\"wp-block-embed-twitter wp-block-embed is-type-rich is-provider-twitter\"><div class=\"wp-block-embed__wrapper\">\n<blockquote class=\"twitter-tweet\" data-width=\"550\" data-dnt=\"true\"><p lang=\"en\" dir=\"ltr\">Video of <a href=\"https:\/\/twitter.com\/hashtag\/Hurricane?src=hash&amp;ref_src=twsrc%5Etfw\">#Hurricane<\/a> <a href=\"https:\/\/twitter.com\/hashtag\/Iota?src=hash&amp;ref_src=twsrc%5Etfw\">#Iota<\/a> as it makes landfall on Puerto Cabezas, <a href=\"https:\/\/twitter.com\/hashtag\/Nicaragua?src=hash&amp;ref_src=twsrc%5Etfw\">#Nicaragua<\/a>, sent to us by a priest from Saint Peter the Apostle Church. The hurricane is now a Category 5 storm. This same area of Nicaragua was hit by Hurricane <a href=\"https:\/\/twitter.com\/hashtag\/Eta?src=hash&amp;ref_src=twsrc%5Etfw\">#Eta<\/a> just two weeks ago. <a href=\"https:\/\/t.co\/4BIw2lr4Jr\">pic.twitter.com\/4BIw2lr4Jr<\/a><\/p>&mdash; CatholicRelief (@CatholicRelief) <a href=\"https:\/\/twitter.com\/CatholicRelief\/status\/1328498720049127425?ref_src=twsrc%5Etfw\">November 17, 2020<\/a><\/blockquote><script async src=\"https:\/\/platform.twitter.com\/widgets.js\" charset=\"utf-8\"><\/script>\n<\/div><\/figure>\n\n\n\n<figure class=\"wp-block-embed-twitter wp-block-embed is-type-rich is-provider-twitter\"><div class=\"wp-block-embed__wrapper\">\n<blockquote class=\"twitter-tweet\" data-width=\"550\" data-dnt=\"true\"><p lang=\"es\" dir=\"ltr\">\u26a0\ud83c\udf00<a href=\"https:\/\/twitter.com\/hashtag\/V%C3%ADdeo?src=hash&amp;ref_src=twsrc%5Etfw\">#V\u00eddeo<\/a> | Olas de 4 metros en la Isla de San Andr\u00e9s por el paso del Hurac\u00e1n IOTA\u2935 <a href=\"https:\/\/t.co\/bUOmSvFQtP\">pic.twitter.com\/bUOmSvFQtP<\/a><\/p>&mdash; NicaraguaActual (@NicaraguaActual) <a href=\"https:\/\/twitter.com\/NicaraguaActual\/status\/1328452883512233986?ref_src=twsrc%5Etfw\">November 16, 2020<\/a><\/blockquote><script async src=\"https:\/\/platform.twitter.com\/widgets.js\" charset=\"utf-8\"><\/script>\n<\/div><\/figure>\n\n\n\n<h2 class=\"wp-block-heading\">Vigilan nueva zona de inestabilidad en el Caribe<\/h2>\n\n\n\n<figure class=\"wp-block-embed-twitter wp-block-embed is-type-rich is-provider-twitter\"><div class=\"wp-block-embed__wrapper\">\n<blockquote class=\"twitter-tweet\" data-width=\"550\" data-dnt=\"true\"><p lang=\"es\" dir=\"ltr\"><a href=\"https:\/\/twitter.com\/hashtag\/ZonaDeInestabilidad?src=hash&amp;ref_src=twsrc%5Etfw\">#ZonaDeInestabilidad<\/a> en el <a href=\"https:\/\/twitter.com\/hashtag\/MarCaribe?src=hash&amp;ref_src=twsrc%5Etfw\">#MarCaribe<\/a> mantiene 40 por ciento de probabilidad para desarrollo cicl\u00f3nico en 5 d\u00edas. Mantenemos vigilancia. M\u00e1s informaci\u00f3n en el siguiente gr\u00e1fico \u2b07\ufe0f <a href=\"https:\/\/twitter.com\/MaraLezama?ref_src=twsrc%5Etfw\">@MaraLezama<\/a> <a href=\"https:\/\/twitter.com\/AytoCancun?ref_src=twsrc%5Etfw\">@AytoCancun<\/a> <a href=\"https:\/\/t.co\/7p3nwL3UoE\">pic.twitter.com\/7p3nwL3UoE<\/a><\/p>&mdash; Protecci\u00f3n Civil Canc\u00fan (@PCivilCancun) <a href=\"https:\/\/twitter.com\/PCivilCancun\/status\/1328500692550639617?ref_src=twsrc%5Etfw\">November 17, 2020<\/a><\/blockquote><script async src=\"https:\/\/platform.twitter.com\/widgets.js\" charset=\"utf-8\"><\/script>\n<\/div><\/figure>\n\n\n\n<p>Una nueva \u00e1rea de&nbsp;<strong>baja presi\u00f3n pudiera formarse<\/strong>&nbsp;en algunos d\u00edas sobre el centro o suroeste del Mar Caribe.<\/p>\n\n\n\n<p>De acuerdo con el NOAA, las condiciones ambientales pudieran favorecer algo de desarrollo, y una depresi\u00f3n tropical pudiera formarse &nbsp;a finales de semana mientras el sistema se mueva lentamente hacia el &nbsp;Oeste-suroeste a trav\u00e9s del suroeste del Mar Caribe.<\/p>\n\n\n\n<p>Por tanto, la probabilidad de formaci\u00f3n de una zona de baja presi\u00f3n es de cero por ciento en las pr\u00f3ximas 48 horas; sin embargo, en&nbsp;<strong>cinco d\u00edas la probabilidad aumenta a 40 por ciento<\/strong>.<\/p>\n","protected":false},"excerpt":{"rendered":"<p>Centro Nacional de Huracanes detecta adem\u00e1s una nueva zona de instabilidad en el Mar Caribe&#8230;.<\/p>\n","protected":false},"author":1,"featured_media":1971,"comment_status":"open","ping_status":"open","sticky":false,"template":"","format":"standard","meta":{"footnotes":""},"categories":[11],"tags":[],"class_list":["post-1970","post","type-post","status-publish","format-standard","has-post-thumbnail","hentry","category-internacional"],"_links":{"self":[{"href":"https:\/\/xn--huracnpolmicocancnquintanaroo-knc6wmu.com\/index.php?rest_route=\/wp\/v2\/posts\/1970","targetHints":{"allow":["GET"]}}],"collection":[{"href":"https:\/\/xn--huracnpolmicocancnquintanaroo-knc6wmu.com\/index.php?rest_route=\/wp\/v2\/posts"}],"about":[{"href":"https:\/\/xn--huracnpolmicocancnquintanaroo-knc6wmu.com\/index.php?rest_route=\/wp\/v2\/types\/post"}],"author":[{"embeddable":true,"href":"https:\/\/xn--huracnpolmicocancnquintanaroo-knc6wmu.com\/index.php?rest_route=\/wp\/v2\/users\/1"}],"replies":[{"embeddable":true,"href":"https:\/\/xn--huracnpolmicocancnquintanaroo-knc6wmu.com\/index.php?rest_route=%2Fwp%2Fv2%2Fcomments&post=1970"}],"version-history":[{"count":0,"href":"https:\/\/xn--huracnpolmicocancnquintanaroo-knc6wmu.com\/index.php?rest_route=\/wp\/v2\/posts\/1970\/revisions"}],"wp:featuredmedia":[{"embeddable":true,"href":"https:\/\/xn--huracnpolmicocancnquintanaroo-knc6wmu.com\/index.php?rest_route=\/wp\/v2\/media\/1971"}],"wp:attachment":[{"href":"https:\/\/xn--huracnpolmicocancnquintanaroo-knc6wmu.com\/index.php?rest_route=%2Fwp%2Fv2%2Fmedia&parent=1970"}],"wp:term":[{"taxonomy":"category","embeddable":true,"href":"https:\/\/xn--huracnpolmicocancnquintanaroo-knc6wmu.com\/index.php?rest_route=%2Fwp%2Fv2%2Fcategories&post=1970"},{"taxonomy":"post_tag","embeddable":true,"href":"https:\/\/xn--huracnpolmicocancnquintanaroo-knc6wmu.com\/index.php?rest_route=%2Fwp%2Fv2%2Ftags&post=1970"}],"curies":[{"name":"wp","href":"https:\/\/api.w.org\/{rel}","templated":true}]}}