{"id":19736,"date":"2023-11-11T18:29:16","date_gmt":"2023-11-11T23:29:16","guid":{"rendered":"https:\/\/xn--huracnpolmicocancnquintanaroo-knc6wmu.com\/?p=19736"},"modified":"2023-11-11T23:29:17","modified_gmt":"2023-11-11T23:29:17","slug":"inaugura-ana-paty-peralta-torneo-varonil-copa-socca-cancun-nos-une","status":"publish","type":"post","link":"https:\/\/xn--huracnpolmicocancnquintanaroo-knc6wmu.com\/?p=19736","title":{"rendered":"INAUGURA ANA PATY PERALTA \u201cTORNEO VARONIL COPA SOCCA CANC\u00daN NOS UNE\u201d"},"content":{"rendered":"<p>En un ambiente de alegr\u00eda la noche de este viernes, la Presidenta Municipal de Benito Ju\u00e1rez, Ana Paty Peralta, inaugur\u00f3 el \u201cTorneo Varonil Copa Socca Canc\u00fan Nos Une\u201d, el cual servir\u00e1 para elegir al selectivo representante de M\u00e9xico en la justa mundial \u201cCopa Socca Am\u00e9rica Canc\u00fan MX 2024\u201d, que se realizar\u00e1 en la ciudad del 22 al 25 de febrero del 2024.<\/p>\n<p>&nbsp;<\/p>\n<p>Durante su estancia en la unidad deportiva de la Supermanzana 229, que albergar\u00e1 el torneo varonil el 10 y 11 de noviembre, la Primera Autoridad Municipal convivi\u00f3 con las decenas de familias que se encontraban para apoyar a su equipo favorito y alent\u00f3 a todos los deportistas a dar lo mejor en cada uno de los partidos.<\/p>\n<p>&nbsp;<\/p>\n<p>\u201cPara esta administraci\u00f3n, para este gobierno, el deporte es una prioridad y no es de palabra, no es de discurso, es de acciones; hoy estamos invirtiendo en el deporte y estamos trayendo eventos de talla internacional\u201d, agreg\u00f3 con gran entusiasmo.<\/p>\n<p>&nbsp;<\/p>\n<p>Por su parte el director del Instituto Municipal del Deporte, Alejandro Luna L\u00f3pez, explic\u00f3 que es la primera vez que se llevar\u00e1 a cabo una Copa Am\u00e9rica en la disciplina de f\u00fatbol en la ciudad; asimismo, extern\u00f3 que es un campeonato de m\u00e1s de 30 selecciones de Latinoam\u00e9rica, por tal motivo pidi\u00f3 a los jugadores que disfruten de la competici\u00f3n, que entreguen el coraz\u00f3n y den lo mejor\u00a0 de ellos, pues de este torneo saldr\u00e1 el equipo que representar\u00e1 a Canc\u00fan, Quintana Roo y M\u00e9xico.<\/p>\n<p>&nbsp;<\/p>\n<p>Despu\u00e9s de completar el protocolo y la toma de fotograf\u00eda oficial, se procedi\u00f3 a realizar el sorteo para determinar los enfrentamientos y dar paso con los partidos oficiales desplegando todo el potencial atl\u00e9tico de los jugadores en cada acci\u00f3n, mientras los espectadores no dejaron de animar y aplaudir creando un ambiente de gran emoci\u00f3n en el campo de pasto sint\u00e9tico de la Supermanzana 229 \u201cEl C\u00e1rcamo\u201d.<\/p>\n<p>&nbsp;<\/p>\n<p>Como respaldo a las iniciativas gubernamentales tambi\u00e9n estuvieron presentes la regidora Lourdes Latife Cardona Muza; el director de Protecci\u00f3n Civil, Antonio Riveroll Ribb\u00f3n; la directora general del Instituto Municipal de la Juventud (IMJUVE), Danielle Camargo D\u00e1vila Madrid y la directora general de Ecolog\u00eda, Tania Estefan\u00eda Fern\u00e1ndez, entre otros.<\/p>\n<p>&nbsp;<\/p>\n<p align=\"center\"><b>****<\/b><\/p>\n<p align=\"center\"><b>\u00a0<\/b><\/p>\n<p align=\"center\"><b>CAJA DE DATOS<\/b><\/p>\n<p>&nbsp;<\/p>\n<p><b>CONTEXTO:<\/b><\/p>\n<p>&nbsp;<\/p>\n<p>La Copa Socca Am\u00e9rica Canc\u00fan MX 2024 se llevar\u00e1 a cabo del 22 al 25 de febrero del 2024, en Playa Langosta, con acceso gratuito para el disfrute de cancunenses y visitantes.Este evento forma parte del Socca America\u2019s Fiesta 2024, e incluir\u00e1 tres competencias deportivas y una asamblea anual, con lo que se impulsar\u00e1 el turismo deportivo.<\/p>\n<p>&nbsp;<\/p>\n<p>Equipos que participar\u00e1n en la Copa Socca Canc\u00fan Nos Une:<\/p>\n<p>\u00b7\u00a0\u00a0\u00a0\u00a0\u00a0\u00a0\u00a0\u00a0\u00cddolos del llano<\/p>\n<p>\u00b7\u00a0\u00a0\u00a0\u00a0\u00a0\u00a0\u00a0\u00a0Selecci\u00f3n Canc\u00fan<\/p>\n<p>\u00b7\u00a0\u00a0\u00a0\u00a0\u00a0\u00a0\u00a0\u00a0Extranjeros FC<\/p>\n<p>\u00b7\u00a0\u00a0\u00a0\u00a0\u00a0\u00a0\u00a0\u00a0Fundadores 230<\/p>\n<p>\u00b7\u00a0\u00a0\u00a0\u00a0\u00a0\u00a0\u00a0\u00a07\/24 FC<\/p>\n<p>\u00b7\u00a0\u00a0\u00a0\u00a0\u00a0\u00a0\u00a0\u00a0KANN SPORTS<\/p>\n<p>\u00b7\u00a0\u00a0\u00a0\u00a0\u00a0\u00a0\u00a0\u00a0Forasteros<\/p>\n<p>\u00b7\u00a0\u00a0\u00a0\u00a0\u00a0\u00a0\u00a0\u00a0Champions Canc\u00fan<\/p>\n","protected":false},"excerpt":{"rendered":"<p>En un ambiente de alegr\u00eda la noche de este viernes, la Presidenta Municipal de Benito&#8230;<\/p>\n","protected":false},"author":1,"featured_media":19738,"comment_status":"open","ping_status":"closed","sticky":false,"template":"","format":"standard","meta":{"footnotes":""},"categories":[2],"tags":[],"class_list":["post-19736","post","type-post","status-publish","format-standard","has-post-thumbnail","hentry","category-local"],"_links":{"self":[{"href":"https:\/\/xn--huracnpolmicocancnquintanaroo-knc6wmu.com\/index.php?rest_route=\/wp\/v2\/posts\/19736","targetHints":{"allow":["GET"]}}],"collection":[{"href":"https:\/\/xn--huracnpolmicocancnquintanaroo-knc6wmu.com\/index.php?rest_route=\/wp\/v2\/posts"}],"about":[{"href":"https:\/\/xn--huracnpolmicocancnquintanaroo-knc6wmu.com\/index.php?rest_route=\/wp\/v2\/types\/post"}],"author":[{"embeddable":true,"href":"https:\/\/xn--huracnpolmicocancnquintanaroo-knc6wmu.com\/index.php?rest_route=\/wp\/v2\/users\/1"}],"replies":[{"embeddable":true,"href":"https:\/\/xn--huracnpolmicocancnquintanaroo-knc6wmu.com\/index.php?rest_route=%2Fwp%2Fv2%2Fcomments&post=19736"}],"version-history":[{"count":1,"href":"https:\/\/xn--huracnpolmicocancnquintanaroo-knc6wmu.com\/index.php?rest_route=\/wp\/v2\/posts\/19736\/revisions"}],"predecessor-version":[{"id":19737,"href":"https:\/\/xn--huracnpolmicocancnquintanaroo-knc6wmu.com\/index.php?rest_route=\/wp\/v2\/posts\/19736\/revisions\/19737"}],"wp:featuredmedia":[{"embeddable":true,"href":"https:\/\/xn--huracnpolmicocancnquintanaroo-knc6wmu.com\/index.php?rest_route=\/wp\/v2\/media\/19738"}],"wp:attachment":[{"href":"https:\/\/xn--huracnpolmicocancnquintanaroo-knc6wmu.com\/index.php?rest_route=%2Fwp%2Fv2%2Fmedia&parent=19736"}],"wp:term":[{"taxonomy":"category","embeddable":true,"href":"https:\/\/xn--huracnpolmicocancnquintanaroo-knc6wmu.com\/index.php?rest_route=%2Fwp%2Fv2%2Fcategories&post=19736"},{"taxonomy":"post_tag","embeddable":true,"href":"https:\/\/xn--huracnpolmicocancnquintanaroo-knc6wmu.com\/index.php?rest_route=%2Fwp%2Fv2%2Ftags&post=19736"}],"curies":[{"name":"wp","href":"https:\/\/api.w.org\/{rel}","templated":true}]}}