{"id":2008,"date":"2020-11-20T13:36:59","date_gmt":"2020-11-20T13:36:59","guid":{"rendered":"http:\/\/whatsappcancun.com\/?p=2008"},"modified":"2020-11-20T13:36:59","modified_gmt":"2020-11-20T13:36:59","slug":"condenan-a-grafitero-por-pintar-flores-en-alemania","status":"publish","type":"post","link":"https:\/\/xn--huracnpolmicocancnquintanaroo-knc6wmu.com\/?p=2008","title":{"rendered":"Condenan a grafitero por pintar flores en Alemania"},"content":{"rendered":"\n<p>Un joven alem\u00e1n deber\u00e1 pasar un a\u00f1o y dos meses en prisi\u00f3n por da\u00f1os materiales, sentenci\u00f3 el&nbsp;<strong>Tribunal de Distrito de Augsburgo<\/strong>, ya que durante el 2019 pint\u00f3 m\u00e1s de 30 grafitis en propiedades privadas.<\/p>\n\n\n\n<p>Desde hace una d\u00e9cada, este artista callejero ha pintado cientos de flores en paredes y objetos de la ciudad, gan\u00e1ndose el apodo de la \u201c<strong>flor de Augsburgo<\/strong>\u201d. Hasta el a\u00f1o 2011, la fiscal\u00eda de&nbsp;<a href=\"https:\/\/es.wikipedia.org\/wiki\/Augsburgo\">Augsburgo<\/a>&nbsp;registr\u00f3 casi 500 im\u00e1genes florales n distintos sitios.<\/p>\n\n\n\n<p>Los murales se convirtieron r\u00e1pidamente en un s\u00edmbolo de la ciudad del sur alem\u00e1n y hasta se lleg\u00f3 a debatir si la flor deb\u00eda convertirse en un s\u00edmbolo publicitario oficial de&nbsp;<strong>Augsburgo<\/strong>.<\/p>\n\n\n\n<h2 class=\"wp-block-heading\">Ya ha pagado condenas<\/h2>\n\n\n\n<p>El joven fue condenado en 2012 a libertad condicional y a pagar una multa por los grafitis, y afirm\u00f3 que no iba a pintar m\u00e1s en propiedades de privadas.<\/p>\n\n\n\n<p>Cuatro a\u00f1os despu\u00e9s fue sentenciado a prisi\u00f3n debido a que cubri\u00f3 con grafitis un muro en una carretera y un tren regional. Sin embargo, el tribunal de segunda instancia lo liber\u00f3 bajo palabra.<\/p>\n\n\n\n<p>El grafitero se encuentra en la prisi\u00f3n desde el verano con a otras condenas. \u201cLa libertad condicional est\u00e1 fuera de toda duda\u201d, declar\u00f3 la jueza del distrito municipal<strong>&nbsp;Susanne Scheiwiller<\/strong>.<\/p>\n","protected":false},"excerpt":{"rendered":"<p>Un joven alem\u00e1n deber\u00e1 pasar un a\u00f1o y dos meses en prisi\u00f3n por da\u00f1os materiales,&#8230;<\/p>\n","protected":false},"author":1,"featured_media":2009,"comment_status":"open","ping_status":"open","sticky":false,"template":"","format":"standard","meta":{"footnotes":""},"categories":[11],"tags":[],"class_list":["post-2008","post","type-post","status-publish","format-standard","has-post-thumbnail","hentry","category-internacional"],"_links":{"self":[{"href":"https:\/\/xn--huracnpolmicocancnquintanaroo-knc6wmu.com\/index.php?rest_route=\/wp\/v2\/posts\/2008","targetHints":{"allow":["GET"]}}],"collection":[{"href":"https:\/\/xn--huracnpolmicocancnquintanaroo-knc6wmu.com\/index.php?rest_route=\/wp\/v2\/posts"}],"about":[{"href":"https:\/\/xn--huracnpolmicocancnquintanaroo-knc6wmu.com\/index.php?rest_route=\/wp\/v2\/types\/post"}],"author":[{"embeddable":true,"href":"https:\/\/xn--huracnpolmicocancnquintanaroo-knc6wmu.com\/index.php?rest_route=\/wp\/v2\/users\/1"}],"replies":[{"embeddable":true,"href":"https:\/\/xn--huracnpolmicocancnquintanaroo-knc6wmu.com\/index.php?rest_route=%2Fwp%2Fv2%2Fcomments&post=2008"}],"version-history":[{"count":0,"href":"https:\/\/xn--huracnpolmicocancnquintanaroo-knc6wmu.com\/index.php?rest_route=\/wp\/v2\/posts\/2008\/revisions"}],"wp:featuredmedia":[{"embeddable":true,"href":"https:\/\/xn--huracnpolmicocancnquintanaroo-knc6wmu.com\/index.php?rest_route=\/wp\/v2\/media\/2009"}],"wp:attachment":[{"href":"https:\/\/xn--huracnpolmicocancnquintanaroo-knc6wmu.com\/index.php?rest_route=%2Fwp%2Fv2%2Fmedia&parent=2008"}],"wp:term":[{"taxonomy":"category","embeddable":true,"href":"https:\/\/xn--huracnpolmicocancnquintanaroo-knc6wmu.com\/index.php?rest_route=%2Fwp%2Fv2%2Fcategories&post=2008"},{"taxonomy":"post_tag","embeddable":true,"href":"https:\/\/xn--huracnpolmicocancnquintanaroo-knc6wmu.com\/index.php?rest_route=%2Fwp%2Fv2%2Ftags&post=2008"}],"curies":[{"name":"wp","href":"https:\/\/api.w.org\/{rel}","templated":true}]}}