{"id":20117,"date":"2023-12-16T11:46:54","date_gmt":"2023-12-16T16:46:54","guid":{"rendered":"https:\/\/xn--huracnpolmicocancnquintanaroo-knc6wmu.com\/?p=20117"},"modified":"2023-12-16T16:46:55","modified_gmt":"2023-12-16T16:46:55","slug":"el-primer-convoy-del-tren-maya-llega-a-su-destino-en-cancun","status":"publish","type":"post","link":"https:\/\/xn--huracnpolmicocancnquintanaroo-knc6wmu.com\/?p=20117","title":{"rendered":"El primer convoy del Tren Maya llega a su destino en Canc\u00fan"},"content":{"rendered":"<h3 class=\"BlocksPage-subHeadline\" style=\"text-align: center;\">El primer viaje del \u201cjaguar rodante\u201d lleg\u00f3 minutos antes de las 18:00 horas a la estaci\u00f3n Canc\u00fan. Al salir de las instalaciones, el presidente asegur\u00f3 que le fue muy bien en el recorrido.<\/h3>\n<div class=\"mainWrap\">\n<div class=\"BlocksPage-mainHead\">\n<div class=\"BlockWrap\">\n<article class=\"first-block\">Tras m\u00e1s de siete horas de recorrido y una parada en M\u00e9rida, la primera unidad del Tren Maya lleg\u00f3 a Canc\u00fan, Quintana Roo.<\/p>\n<p>El presidente Andr\u00e9s Manuel L\u00f3pez Obrador, integrantes de su gabinete, empresarios y periodistas fueron los primeros pasajeros que transport\u00f3 desde Campeche el llamado \u201cjaguar rodante\u201d<\/p>\n<\/article>\n<\/div>\n<\/div>\n<\/div>\n<div class=\"BlocksPage-main\" data-modulewell=\"\">\n<div class=\"blocks\">\n<div class=\"BlocksArticleBody-items\">\n<div class=\"BlocksArticleBody-items block BlockWrap\">\n<article id=\"block-0\" class=\"BlocksArticleFirstItem\">\n<div class=\"BlocksArticleFirstItem-body\">\n<div class=\"Enhancement\">\n<div class=\"Enhancement-item\" data-enhancementwell=\"\">\n<div class=\"TweetEmbed\">\n<blockquote class=\"twitter-tweet\" data-twitter-extracted-i1702745106116479256=\"true\">\n<p dir=\"ltr\" lang=\"es\">El presidente Andr\u00e9s Manuel L\u00f3pez Obrador, integrantes de su gabinete, empresarios y periodistas fueron los primeros pasajeros que transport\u00f3 desde Campeche el llamado \u201cjaguar rodante\u201d.<\/p>\n<\/blockquote>\n<\/div>\n<\/div>\n<\/div>\n<p>La unidad est\u00e1ndar sali\u00f3 alrededor de las 10:00 horas de San Francisco Campeche y recorri\u00f3 el primer tramo a una velocidad promedio de 100\/110 kil\u00f3metros por hora.<\/p>\n<div class=\"Enhancement\">\n<div class=\"Enhancement-item\" data-enhancementwell=\"\">\n<div class=\"TweetEmbed\">\n<blockquote class=\"twitter-tweet\" data-twitter-extracted-i1702745106116479256=\"true\">\n<p dir=\"ltr\" lang=\"es\">#ComunicadoPresidente<\/p>\n<p>Presidente AMLO encabeza recorrido inaugural del Tren Maya, primera etapa<\/p>\n<p>Es una obra del pueblo y la vamos a cuidar todos, afirma primer mandatario tras agradecer a trabajadores, empresas y autoridades; es inversi\u00f3n p\u00fablica, no debemos nada<\/p>\n<\/blockquote>\n<\/div>\n<\/div>\n<\/div>\n<p>En la estaci\u00f3n Canc\u00fan se instal\u00f3 un fuerte dispositivo de seguridad a cargo de la Guardia Nacional y elementos de la Secretar\u00eda de la Defensa Nacional, quienes s\u00f3lo permitieron el acceso de camionetas en las que saldr\u00edan los funcionarios federales y de gobiernos estatales.<\/p>\n<p>Durante el recorrido el presidente Manuel L\u00f3pez Obrador dialog\u00f3 con representantes de medios de comunicaci\u00f3n.<\/p>\n<p>En ese di\u00e1logo, el presidente asegur\u00f3 que el costo del Tren ser\u00e1 menor a lo que en alg\u00fan momento se presupuest\u00f3 para el Aeropuerto de Texcoco.<\/p>\n<p>\u201cNo tengo el dato pero este tramo, como 60,000 millones, este tramo, deben de ser como 200, 300 mil millones, no tengo el dato exacto\u201d, afirm\u00f3.<\/p>\n<p>Aunque ciudadanos se reunieron al exterior para recibir al presidente L\u00f3pez Obrador, no se les permiti\u00f3 el acceso porque la zona est\u00e1 a\u00fan en obra, asegur\u00f3 un trabajador a cargo de permitir o negar los ingresos.<\/p>\n<p>Minutos despu\u00e9s de las 18:00 horas, el presidente Andr\u00e9s Manuel L\u00f3pez Obrador sali\u00f3 de las instalaciones de la estaci\u00f3n ubicada sobre la carretera 180 y a unos kil\u00f3metros del Aeropuerto de Canc\u00fan.<\/p>\n<p>A bordo de su camioneta, el mandatario salud\u00f3 a ciudadanos que se reunieron y cuando se le pregunt\u00f3 c\u00f3mo le fue en el recorrido, afirm\u00f3 que \u201cmuy bien\u201d.<\/p>\n<p>El mandatario federal fue despedido entre gritos de \u201c\u00a1es un honor estar con Obrador!\u201d, y \u201cs\u00ed se pudo, presidente\u201d.<\/p>\n<p>A partir de este 16 de diciembre, el Tren Maya se encuentra en una fase de preinauguraci\u00f3n, por lo que sus recorridos s\u00f3lo ser\u00e1n entre el tramo Campeche-Canc\u00fan.<\/p>\n<p>Ser\u00e1 el 31 de diciembre cuando se ponga en marcha el tramo de Canc\u00fan a Campeche y hasta el 29 de febrero de 2024 cuando la obra quede concluida en su totalidad.<\/p>\n<\/div>\n<\/article>\n<\/div>\n<\/div>\n<\/div>\n<\/div>\n<div class=\"AuthorBar\"><\/div>\n<div class=\"BlocksPage-bar\"><\/div>\n","protected":false},"excerpt":{"rendered":"<p>El primer viaje del \u201cjaguar rodante\u201d lleg\u00f3 minutos antes de las 18:00 horas a la&#8230;<\/p>\n","protected":false},"author":1,"featured_media":20119,"comment_status":"open","ping_status":"closed","sticky":false,"template":"","format":"standard","meta":{"footnotes":""},"categories":[2],"tags":[],"class_list":["post-20117","post","type-post","status-publish","format-standard","has-post-thumbnail","hentry","category-local"],"_links":{"self":[{"href":"https:\/\/xn--huracnpolmicocancnquintanaroo-knc6wmu.com\/index.php?rest_route=\/wp\/v2\/posts\/20117","targetHints":{"allow":["GET"]}}],"collection":[{"href":"https:\/\/xn--huracnpolmicocancnquintanaroo-knc6wmu.com\/index.php?rest_route=\/wp\/v2\/posts"}],"about":[{"href":"https:\/\/xn--huracnpolmicocancnquintanaroo-knc6wmu.com\/index.php?rest_route=\/wp\/v2\/types\/post"}],"author":[{"embeddable":true,"href":"https:\/\/xn--huracnpolmicocancnquintanaroo-knc6wmu.com\/index.php?rest_route=\/wp\/v2\/users\/1"}],"replies":[{"embeddable":true,"href":"https:\/\/xn--huracnpolmicocancnquintanaroo-knc6wmu.com\/index.php?rest_route=%2Fwp%2Fv2%2Fcomments&post=20117"}],"version-history":[{"count":1,"href":"https:\/\/xn--huracnpolmicocancnquintanaroo-knc6wmu.com\/index.php?rest_route=\/wp\/v2\/posts\/20117\/revisions"}],"predecessor-version":[{"id":20118,"href":"https:\/\/xn--huracnpolmicocancnquintanaroo-knc6wmu.com\/index.php?rest_route=\/wp\/v2\/posts\/20117\/revisions\/20118"}],"wp:featuredmedia":[{"embeddable":true,"href":"https:\/\/xn--huracnpolmicocancnquintanaroo-knc6wmu.com\/index.php?rest_route=\/wp\/v2\/media\/20119"}],"wp:attachment":[{"href":"https:\/\/xn--huracnpolmicocancnquintanaroo-knc6wmu.com\/index.php?rest_route=%2Fwp%2Fv2%2Fmedia&parent=20117"}],"wp:term":[{"taxonomy":"category","embeddable":true,"href":"https:\/\/xn--huracnpolmicocancnquintanaroo-knc6wmu.com\/index.php?rest_route=%2Fwp%2Fv2%2Fcategories&post=20117"},{"taxonomy":"post_tag","embeddable":true,"href":"https:\/\/xn--huracnpolmicocancnquintanaroo-knc6wmu.com\/index.php?rest_route=%2Fwp%2Fv2%2Ftags&post=20117"}],"curies":[{"name":"wp","href":"https:\/\/api.w.org\/{rel}","templated":true}]}}