{"id":2025,"date":"2020-11-21T18:32:51","date_gmt":"2020-11-21T18:32:51","guid":{"rendered":"http:\/\/whatsappcancun.com\/?p=2025"},"modified":"2020-11-21T18:32:51","modified_gmt":"2020-11-21T18:32:51","slug":"donald-trump-jr-contrajo-covid-19","status":"publish","type":"post","link":"https:\/\/xn--huracnpolmicocancnquintanaroo-knc6wmu.com\/?p=2025","title":{"rendered":"Donald Trump Jr. contrajo Covid-19"},"content":{"rendered":"\n<p><a href=\"https:\/\/g.co\/kgs\/nUKDCM\">Donald Trump Jr.<\/a>, el hijo mayor del presidente de los Estados Unidos, dio positivo a la prueba de Covid-19 a principios de semana. Es completamente asintom\u00e1tico y se encuentra en cuarentena.<\/p>\n\n\n\n<p>Hasta el momento&nbsp;<strong>Trump Jr., Donald Trump, Melania, Barron<\/strong>&nbsp;y algunos otros miembros de la familia presidencial han contra\u00eddo el virus.<\/p>\n\n\n\n<p>Muchos otros funcionarios y pol\u00edticos de la&nbsp;<strong>Casa Blanca<\/strong>&nbsp;han dado positivo como&nbsp;<strong>Andrew Giuliani<\/strong>, abogado del presidente. El recinto se ha convertido a lo largo de los \u00faltimos meses en un foco de contagios, sin embargo, han tratado de mantener esa informaci\u00f3n en bajo perfil.<\/p>\n\n\n\n<p><strong>Estados Unidos<\/strong>&nbsp;ha registrado estas semanas sus peores cifras de contagios, con m\u00e1s de 200.000 casos y 2.239 decesos.<\/p>\n\n\n\n<h2 class=\"wp-block-heading\">Estados Unidos a la alza en contagios<\/h2>\n\n\n\n<p>El&nbsp;<strong>Instituto de M\u00e9tricas y Evaluaciones de Salud (IHME)<\/strong>&nbsp;de la Universidad de Washington, calcula que para final de a\u00f1o el pa\u00eds llegar\u00e1 a los 320.000 fallecidos y probablemente los 440.000 en marzo del 2021.<\/p>\n\n\n\n<p>El presidente electo,&nbsp;<strong>Joe Biden<\/strong>, ha expresado su frustraci\u00f3n por la reticencia de Donald Trump a cooperar con la transici\u00f3n hacia el nuevo gobierno y continuar sin tomar acciones concretas contra la pandemia.<\/p>\n\n\n\n<p>\u201cM\u00e1s gente podr\u00eda morir si no coordinamos\u201d sostuvo el l\u00edder dem\u00f3crata al respecto.<\/p>\n","protected":false},"excerpt":{"rendered":"<p>Donald Trump Jr., el hijo mayor del presidente de los Estados Unidos, dio positivo a&#8230;<\/p>\n","protected":false},"author":1,"featured_media":2026,"comment_status":"open","ping_status":"open","sticky":false,"template":"","format":"standard","meta":{"footnotes":""},"categories":[11],"tags":[],"class_list":["post-2025","post","type-post","status-publish","format-standard","has-post-thumbnail","hentry","category-internacional"],"_links":{"self":[{"href":"https:\/\/xn--huracnpolmicocancnquintanaroo-knc6wmu.com\/index.php?rest_route=\/wp\/v2\/posts\/2025","targetHints":{"allow":["GET"]}}],"collection":[{"href":"https:\/\/xn--huracnpolmicocancnquintanaroo-knc6wmu.com\/index.php?rest_route=\/wp\/v2\/posts"}],"about":[{"href":"https:\/\/xn--huracnpolmicocancnquintanaroo-knc6wmu.com\/index.php?rest_route=\/wp\/v2\/types\/post"}],"author":[{"embeddable":true,"href":"https:\/\/xn--huracnpolmicocancnquintanaroo-knc6wmu.com\/index.php?rest_route=\/wp\/v2\/users\/1"}],"replies":[{"embeddable":true,"href":"https:\/\/xn--huracnpolmicocancnquintanaroo-knc6wmu.com\/index.php?rest_route=%2Fwp%2Fv2%2Fcomments&post=2025"}],"version-history":[{"count":0,"href":"https:\/\/xn--huracnpolmicocancnquintanaroo-knc6wmu.com\/index.php?rest_route=\/wp\/v2\/posts\/2025\/revisions"}],"wp:featuredmedia":[{"embeddable":true,"href":"https:\/\/xn--huracnpolmicocancnquintanaroo-knc6wmu.com\/index.php?rest_route=\/wp\/v2\/media\/2026"}],"wp:attachment":[{"href":"https:\/\/xn--huracnpolmicocancnquintanaroo-knc6wmu.com\/index.php?rest_route=%2Fwp%2Fv2%2Fmedia&parent=2025"}],"wp:term":[{"taxonomy":"category","embeddable":true,"href":"https:\/\/xn--huracnpolmicocancnquintanaroo-knc6wmu.com\/index.php?rest_route=%2Fwp%2Fv2%2Fcategories&post=2025"},{"taxonomy":"post_tag","embeddable":true,"href":"https:\/\/xn--huracnpolmicocancnquintanaroo-knc6wmu.com\/index.php?rest_route=%2Fwp%2Fv2%2Ftags&post=2025"}],"curies":[{"name":"wp","href":"https:\/\/api.w.org\/{rel}","templated":true}]}}