{"id":20517,"date":"2024-01-15T17:05:30","date_gmt":"2024-01-15T17:05:30","guid":{"rendered":"https:\/\/xn--huracnpolmicocancnquintanaroo-knc6wmu.com\/?p=20517"},"modified":"2024-01-15T17:05:33","modified_gmt":"2024-01-15T17:05:33","slug":"crit-quintana-roo-quiere-atender-mas-casos-de-ninos-con-autismo","status":"publish","type":"post","link":"https:\/\/xn--huracnpolmicocancnquintanaroo-knc6wmu.com\/?p=20517","title":{"rendered":"Crit Quintana Roo quiere atender m\u00e1s casos de ni\u00f1os con autismo"},"content":{"rendered":"\n<p>El Centro de Rehabilitaci\u00f3n e Integraci\u00f3n Infantil Telet\u00f3n (Crit) Quintana Roo busca atender m\u00e1s casos de autismo, ante la necesidad de la gente de recibir estas terapias y por tratarse de un servicio recientemente activado.<\/p>\n\n\n\n<p>Paolo Sergio Montero Jaquez, director general del Centro de Rehabilitaci\u00f3n e Integraci\u00f3n Infantil Telet\u00f3n (Crit) Quintana Roo, coment\u00f3 que se dan terapias a aproximadamente 36 ni\u00f1os autistas de hasta 12 a\u00f1os de edad, pero por la capacidad del centro de atender m\u00e1s casos se busca tener m\u00e1s ingresos.<\/p>\n\n\n\n<p>La capacidad del centro es para un estimado de 50 ni\u00f1os con autismo, aunque la lista de espera es de m\u00e1s de 300 ni\u00f1os con diversas limitaciones neuromusculoesquel\u00e9ticas y no se pueden cubrir a todos.<\/p>\n\n\n\n<p>Montero Jaquez explic\u00f3 que los ni\u00f1os con autismo se atienden como beneficiarios regulares o externos. Si son regulares son colocados en la lista de espera, y se atienden cuando hay desbloqueo de un espacio, y si son externos, se dise\u00f1a un programa de terapias para el ni\u00f1o y la familia.<\/p>\n\n\n\n<p>Aunque se paga una cuota de recuperaci\u00f3n que var\u00eda seg\u00fan las capacidades de los familiares.<\/p>\n\n\n\n<p>&#8220;Primero se hace la valoraci\u00f3n con el m\u00e9dico en rehabilitaci\u00f3n, se hace una valoraci\u00f3n general del estado del ni\u00f1o, y luego de ah\u00ed se deriva a los diferentes especialistas, cu\u00e1les son las \u00e1reas en las que habr\u00e1 que trabajar con ellos para generar una rehabilitaci\u00f3n m\u00e1s oportuna y m\u00e1s eficiente&#8221;.<\/p>\n\n\n\n<p>Estamos haciendo la terapia ocupacional de autismo, para el d\u00eda a d\u00eda, como comportarse, algunas estimulaciones multisensoriales, terapia f\u00edsica, terapia de lenguaje, hidroterapia, entre otras.<\/p>\n\n\n\n<p>Buscan m\u00e1s personal para atender m\u00e1s casos<br>Montero Jaquez se\u00f1al\u00f3 que la capacidad instalada del Crit es de 780 ni\u00f1os, pero siempre se tiene un rango de aproximadamente 850 beneficiarios, por las ausencias de los ni\u00f1os por diversas complicaciones que permiten que se habr\u00e1 un espacio para otro ni\u00f1o en la lista de espera.<\/p>\n\n\n\n<p>Pero para dar m\u00e1s servicios, el objetivo es contratar a m\u00e1s especialistas.<\/p>\n\n\n\n<p>\u201cQueremos que (la capacidad) aumente m\u00e1s o menos como a mil ni\u00f1os. Lo \u00fanico que nos faltar\u00eda es una infraestructura m\u00e9dica o el recurso humano, esos trabajar\u00edamos en contratarlos. Entre 15 y 18 m\u00e1s o menos profesionales m\u00e1s\u201d, dijo.<\/p>\n\n\n\n<p>El entrevistado aclar\u00f3 que se busca al menos un m\u00e9dico en rehabilitaci\u00f3n, tres terapeutas f\u00edsicos, un terapeuta ocupacional, uno de lenguaje, un psic\u00f3logo, un trabajador social, una persona de mantenimiento, y personal administrativo adicional.<\/p>\n\n\n\n<p>Por otra parte, a principios del 2023 fue cuando comenzaron a atenderse ni\u00f1os con autismo en el Crit Quintana Roo, y desde ese entonces se registraron los casi 40 ni\u00f1os autistas que se atienden actualmente.<\/p>\n","protected":false},"excerpt":{"rendered":"<p>El Centro de Rehabilitaci\u00f3n e Integraci\u00f3n Infantil Telet\u00f3n (Crit) Quintana Roo busca atender m\u00e1s casos&#8230;<\/p>\n","protected":false},"author":1,"featured_media":20518,"comment_status":"closed","ping_status":"closed","sticky":false,"template":"","format":"standard","meta":{"footnotes":""},"categories":[2],"tags":[],"class_list":["post-20517","post","type-post","status-publish","format-standard","has-post-thumbnail","hentry","category-local"],"_links":{"self":[{"href":"https:\/\/xn--huracnpolmicocancnquintanaroo-knc6wmu.com\/index.php?rest_route=\/wp\/v2\/posts\/20517","targetHints":{"allow":["GET"]}}],"collection":[{"href":"https:\/\/xn--huracnpolmicocancnquintanaroo-knc6wmu.com\/index.php?rest_route=\/wp\/v2\/posts"}],"about":[{"href":"https:\/\/xn--huracnpolmicocancnquintanaroo-knc6wmu.com\/index.php?rest_route=\/wp\/v2\/types\/post"}],"author":[{"embeddable":true,"href":"https:\/\/xn--huracnpolmicocancnquintanaroo-knc6wmu.com\/index.php?rest_route=\/wp\/v2\/users\/1"}],"replies":[{"embeddable":true,"href":"https:\/\/xn--huracnpolmicocancnquintanaroo-knc6wmu.com\/index.php?rest_route=%2Fwp%2Fv2%2Fcomments&post=20517"}],"version-history":[{"count":1,"href":"https:\/\/xn--huracnpolmicocancnquintanaroo-knc6wmu.com\/index.php?rest_route=\/wp\/v2\/posts\/20517\/revisions"}],"predecessor-version":[{"id":20519,"href":"https:\/\/xn--huracnpolmicocancnquintanaroo-knc6wmu.com\/index.php?rest_route=\/wp\/v2\/posts\/20517\/revisions\/20519"}],"wp:featuredmedia":[{"embeddable":true,"href":"https:\/\/xn--huracnpolmicocancnquintanaroo-knc6wmu.com\/index.php?rest_route=\/wp\/v2\/media\/20518"}],"wp:attachment":[{"href":"https:\/\/xn--huracnpolmicocancnquintanaroo-knc6wmu.com\/index.php?rest_route=%2Fwp%2Fv2%2Fmedia&parent=20517"}],"wp:term":[{"taxonomy":"category","embeddable":true,"href":"https:\/\/xn--huracnpolmicocancnquintanaroo-knc6wmu.com\/index.php?rest_route=%2Fwp%2Fv2%2Fcategories&post=20517"},{"taxonomy":"post_tag","embeddable":true,"href":"https:\/\/xn--huracnpolmicocancnquintanaroo-knc6wmu.com\/index.php?rest_route=%2Fwp%2Fv2%2Ftags&post=20517"}],"curies":[{"name":"wp","href":"https:\/\/api.w.org\/{rel}","templated":true}]}}