{"id":20568,"date":"2024-01-17T12:15:31","date_gmt":"2024-01-17T17:15:31","guid":{"rendered":"https:\/\/xn--huracnpolmicocancnquintanaroo-knc6wmu.com\/?p=20568"},"modified":"2024-01-17T17:15:32","modified_gmt":"2024-01-17T17:15:32","slug":"rey-carlos-iii-del-reino-unido-sera-operado-de-la-prostata","status":"publish","type":"post","link":"https:\/\/xn--huracnpolmicocancnquintanaroo-knc6wmu.com\/?p=20568","title":{"rendered":"Rey Carlos III del Reino Unido ser\u00e1 operado de la pr\u00f3stata"},"content":{"rendered":"<div><\/div>\n<div><\/div>\n<div>El rey Carlos III del Reino Unido se someter\u00e1 a un &#8220;procedimiento correctivo&#8221; por agrandamiento de la pr\u00f3stata, inform\u00f3 este mi\u00e9rcoles el Palacio de Buckingham.<\/div>\n<div><\/div>\n<div>De acuerdo con la Casa Real brit\u00e1nica el monarca acudir\u00e1 al hospital la pr\u00f3xima semana para recibir el tratamiento para esta situaci\u00f3n que calific\u00f3 como &#8220;benigna&#8221;.<\/div>\n<div><\/div>\n<div>El Palacio dijo que el monarca de 75 a\u00f1os de edad, ha buscado tratamiento para un agrandamiento de la pr\u00f3stata &#8220;en com\u00fan con miles de hombres cada a\u00f1o\u201d.<\/div>\n<div><\/div>\n<div>Los compromisos p\u00fablicos del monarca se pospondr\u00e1n durante un breve periodo de recuperaci\u00f3n, seg\u00fan inform\u00f3.<\/div>\n<div><\/div>\n<div>El agrandamiento benigno de la pr\u00f3stata es com\u00fan en hombres mayores de 50 a\u00f1os y no suele ser una afecci\u00f3n grave, seg\u00fan el sitio web del NHS.<\/div>\n<div><\/div>\n<div>La afecci\u00f3n no significa que el paciente tenga un mayor riesgo de desarrollar c\u00e1ncer de pr\u00f3stata.<\/div>\n<div><\/div>\n<div>Este mismo d\u00eda se inform\u00f3 que la princesa de Gales, Kate Middleton, est\u00e1 hospitalizada tras haberse sometido a una intervenci\u00f3n quir\u00fargica abdominal que result\u00f3 exitosa.<\/div>\n<div><\/div>\n<div>Carlos III ascendi\u00f3 al trono el 8 de septiembre de 2022, tras la muerte de su madre, la reina Isabel II, y fue coronado en la Abad\u00eda de Westminster en mayo de 2023.<\/div>\n<div><\/div>\n","protected":false},"excerpt":{"rendered":"<p>El rey Carlos III del Reino Unido se someter\u00e1 a un &#8220;procedimiento correctivo&#8221; por agrandamiento&#8230;<\/p>\n","protected":false},"author":1,"featured_media":20570,"comment_status":"open","ping_status":"closed","sticky":false,"template":"","format":"standard","meta":{"footnotes":""},"categories":[11],"tags":[],"class_list":["post-20568","post","type-post","status-publish","format-standard","has-post-thumbnail","hentry","category-internacional"],"_links":{"self":[{"href":"https:\/\/xn--huracnpolmicocancnquintanaroo-knc6wmu.com\/index.php?rest_route=\/wp\/v2\/posts\/20568","targetHints":{"allow":["GET"]}}],"collection":[{"href":"https:\/\/xn--huracnpolmicocancnquintanaroo-knc6wmu.com\/index.php?rest_route=\/wp\/v2\/posts"}],"about":[{"href":"https:\/\/xn--huracnpolmicocancnquintanaroo-knc6wmu.com\/index.php?rest_route=\/wp\/v2\/types\/post"}],"author":[{"embeddable":true,"href":"https:\/\/xn--huracnpolmicocancnquintanaroo-knc6wmu.com\/index.php?rest_route=\/wp\/v2\/users\/1"}],"replies":[{"embeddable":true,"href":"https:\/\/xn--huracnpolmicocancnquintanaroo-knc6wmu.com\/index.php?rest_route=%2Fwp%2Fv2%2Fcomments&post=20568"}],"version-history":[{"count":1,"href":"https:\/\/xn--huracnpolmicocancnquintanaroo-knc6wmu.com\/index.php?rest_route=\/wp\/v2\/posts\/20568\/revisions"}],"predecessor-version":[{"id":20569,"href":"https:\/\/xn--huracnpolmicocancnquintanaroo-knc6wmu.com\/index.php?rest_route=\/wp\/v2\/posts\/20568\/revisions\/20569"}],"wp:featuredmedia":[{"embeddable":true,"href":"https:\/\/xn--huracnpolmicocancnquintanaroo-knc6wmu.com\/index.php?rest_route=\/wp\/v2\/media\/20570"}],"wp:attachment":[{"href":"https:\/\/xn--huracnpolmicocancnquintanaroo-knc6wmu.com\/index.php?rest_route=%2Fwp%2Fv2%2Fmedia&parent=20568"}],"wp:term":[{"taxonomy":"category","embeddable":true,"href":"https:\/\/xn--huracnpolmicocancnquintanaroo-knc6wmu.com\/index.php?rest_route=%2Fwp%2Fv2%2Fcategories&post=20568"},{"taxonomy":"post_tag","embeddable":true,"href":"https:\/\/xn--huracnpolmicocancnquintanaroo-knc6wmu.com\/index.php?rest_route=%2Fwp%2Fv2%2Ftags&post=20568"}],"curies":[{"name":"wp","href":"https:\/\/api.w.org\/{rel}","templated":true}]}}