{"id":20601,"date":"2024-01-19T23:15:29","date_gmt":"2024-01-19T23:15:29","guid":{"rendered":"https:\/\/xn--huracnpolmicocancnquintanaroo-knc6wmu.com\/?p=20601"},"modified":"2024-01-19T23:15:31","modified_gmt":"2024-01-19T23:15:31","slug":"inaugura-eric-arcila-la-primera-edicion-del-mayan-wind-fest-2024-de-vela","status":"publish","type":"post","link":"https:\/\/xn--huracnpolmicocancnquintanaroo-knc6wmu.com\/?p=20601","title":{"rendered":"Inaugura Eric Arcila la primera edici\u00f3n del &#8220;Mayan Wind Fest 2024&#8221; de vela"},"content":{"rendered":"\n<p><strong>El titular de la CODEQ resalt\u00f3 la importancia de promocionar Quintana Roo como el destino por excelencia para eventos deportivos<\/strong><\/p>\n\n\n\n<p>Con una participaci\u00f3n de 230 veleristas provenientes de varios pa\u00edses y de diferentes estados de la rep\u00fablica mexicana, se puso en marcha en Canc\u00fan la primera edici\u00f3n del \u201cMayan Wind Fest 2024\u201d de tabla vela, tras haber sido inaugurado por Eric Arcila Arjona, presidente de la Comisi\u00f3n del Deporte de Quintana Roo (CODEQ).<\/p>\n\n\n\n<figure class=\"wp-block-image size-large\"><img loading=\"lazy\" decoding=\"async\" width=\"1024\" height=\"731\" src=\"https:\/\/xn--huracnpolmicocancnquintanaroo-knc6wmu.com\/wp-content\/uploads\/2024\/01\/WhatsApp-Image-2024-01-19-at-15.10.39-1024x731.jpeg\" alt=\"\" class=\"wp-image-20602\" srcset=\"https:\/\/xn--huracnpolmicocancnquintanaroo-knc6wmu.com\/wp-content\/uploads\/2024\/01\/WhatsApp-Image-2024-01-19-at-15.10.39-1024x731.jpeg 1024w, https:\/\/xn--huracnpolmicocancnquintanaroo-knc6wmu.com\/wp-content\/uploads\/2024\/01\/WhatsApp-Image-2024-01-19-at-15.10.39-300x214.jpeg 300w, https:\/\/xn--huracnpolmicocancnquintanaroo-knc6wmu.com\/wp-content\/uploads\/2024\/01\/WhatsApp-Image-2024-01-19-at-15.10.39-768x548.jpeg 768w, https:\/\/xn--huracnpolmicocancnquintanaroo-knc6wmu.com\/wp-content\/uploads\/2024\/01\/WhatsApp-Image-2024-01-19-at-15.10.39.jpeg 1038w\" sizes=\"auto, (max-width: 1024px) 100vw, 1024px\" \/><\/figure>\n\n\n\n<p>\u201cTal como lo marca el Nuevo Acuerdo por el Bienestar y Desarrollo de Quintana Roo, que promueve nuestra gobernadora Mara Lezama, seguimos impulsando a Quintana Roo como el destino por excelencia para la realizaci\u00f3n de eventos deportivos y debemos resaltar que nuestra entidad es segundo lugar nacional en la disciplina de vela, por lo que este certamen servir\u00e1 de gran experiencia para nuestras y nuestros exponentes\u201d, dijo.<\/p>\n\n\n\n<figure class=\"wp-block-image size-large\"><img loading=\"lazy\" decoding=\"async\" width=\"1024\" height=\"683\" src=\"https:\/\/xn--huracnpolmicocancnquintanaroo-knc6wmu.com\/wp-content\/uploads\/2024\/01\/WhatsApp-Image-2024-01-19-at-15.10.33-1-1024x683.jpeg\" alt=\"\" class=\"wp-image-20603\" srcset=\"https:\/\/xn--huracnpolmicocancnquintanaroo-knc6wmu.com\/wp-content\/uploads\/2024\/01\/WhatsApp-Image-2024-01-19-at-15.10.33-1-1024x683.jpeg 1024w, https:\/\/xn--huracnpolmicocancnquintanaroo-knc6wmu.com\/wp-content\/uploads\/2024\/01\/WhatsApp-Image-2024-01-19-at-15.10.33-1-300x200.jpeg 300w, https:\/\/xn--huracnpolmicocancnquintanaroo-knc6wmu.com\/wp-content\/uploads\/2024\/01\/WhatsApp-Image-2024-01-19-at-15.10.33-1-768x512.jpeg 768w, https:\/\/xn--huracnpolmicocancnquintanaroo-knc6wmu.com\/wp-content\/uploads\/2024\/01\/WhatsApp-Image-2024-01-19-at-15.10.33-1.jpeg 1280w\" sizes=\"auto, (max-width: 1024px) 100vw, 1024px\" \/><\/figure>\n\n\n\n<p>Cabe mencionar que este evento re\u00fane las competencias del Circuito Nacional de Optimist 2024, el Campeonato Nacional de Windsurf 2024 y el Primer Circuito Nacional de Kite AMK 2024; resaltando que las y los atletas entrar\u00e1n en acci\u00f3n en cinco diferentes modalidades acu\u00e1ticas y que este certamen est\u00e1 programado para disputarse hasta el pr\u00f3ximo domingo 21 de enero.<\/p>\n\n\n\n<figure class=\"wp-block-image size-large\"><img loading=\"lazy\" decoding=\"async\" width=\"1024\" height=\"682\" src=\"https:\/\/xn--huracnpolmicocancnquintanaroo-knc6wmu.com\/wp-content\/uploads\/2024\/01\/WhatsApp-Image-2024-01-19-at-15.10.33-1024x682.jpeg\" alt=\"\" class=\"wp-image-20604\" srcset=\"https:\/\/xn--huracnpolmicocancnquintanaroo-knc6wmu.com\/wp-content\/uploads\/2024\/01\/WhatsApp-Image-2024-01-19-at-15.10.33-1024x682.jpeg 1024w, https:\/\/xn--huracnpolmicocancnquintanaroo-knc6wmu.com\/wp-content\/uploads\/2024\/01\/WhatsApp-Image-2024-01-19-at-15.10.33-300x200.jpeg 300w, https:\/\/xn--huracnpolmicocancnquintanaroo-knc6wmu.com\/wp-content\/uploads\/2024\/01\/WhatsApp-Image-2024-01-19-at-15.10.33-768x512.jpeg 768w, https:\/\/xn--huracnpolmicocancnquintanaroo-knc6wmu.com\/wp-content\/uploads\/2024\/01\/WhatsApp-Image-2024-01-19-at-15.10.33-1536x1023.jpeg 1536w, https:\/\/xn--huracnpolmicocancnquintanaroo-knc6wmu.com\/wp-content\/uploads\/2024\/01\/WhatsApp-Image-2024-01-19-at-15.10.33.jpeg 1600w\" sizes=\"auto, (max-width: 1024px) 100vw, 1024px\" \/><\/figure>\n\n\n\n<p>\u201cSeguimos trabajando #ANivelDeCancha para traer eventos deportivos de primer nivel y estamos muy contentos de iniciar el 2024 con una competencia de tabla vela, sepan que en Quintana Roo tenemos buenos representantes y nos alegra que elijan nuestras playas, disfruten su estancia y que haya buen viento en las pruebas\u201d, agreg\u00f3 el titular de la CODEQ.<\/p>\n\n\n\n<figure class=\"wp-block-image size-large\"><img loading=\"lazy\" decoding=\"async\" width=\"1024\" height=\"683\" src=\"https:\/\/xn--huracnpolmicocancnquintanaroo-knc6wmu.com\/wp-content\/uploads\/2024\/01\/WhatsApp-Image-2024-01-19-at-15.10.22-1024x683.jpeg\" alt=\"\" class=\"wp-image-20605\" srcset=\"https:\/\/xn--huracnpolmicocancnquintanaroo-knc6wmu.com\/wp-content\/uploads\/2024\/01\/WhatsApp-Image-2024-01-19-at-15.10.22-1024x683.jpeg 1024w, https:\/\/xn--huracnpolmicocancnquintanaroo-knc6wmu.com\/wp-content\/uploads\/2024\/01\/WhatsApp-Image-2024-01-19-at-15.10.22-300x200.jpeg 300w, https:\/\/xn--huracnpolmicocancnquintanaroo-knc6wmu.com\/wp-content\/uploads\/2024\/01\/WhatsApp-Image-2024-01-19-at-15.10.22-768x512.jpeg 768w, https:\/\/xn--huracnpolmicocancnquintanaroo-knc6wmu.com\/wp-content\/uploads\/2024\/01\/WhatsApp-Image-2024-01-19-at-15.10.22.jpeg 1280w\" sizes=\"auto, (max-width: 1024px) 100vw, 1024px\" \/><\/figure>\n\n\n\n<p>De acuerdo a la organizaci\u00f3n de la competencia, se tiene registrado que en tabla vela se tendr\u00e1n las pruebas de Optimist e ILCA con 68 y 48 participantes, respectivamente; as\u00ed como kiteboard donde se confirm\u00f3 a 72 atletas; en Wingfoil se registr\u00f3 a 15; y en Windsurf a 27; resaltando que hay representantes de los pa\u00edses de Republica Checa, Republica Dominicana, Francia, Dinamarca, Estados Unidos, Brasil y M\u00e9xico, por mencionar algunos.<\/p>\n\n\n\n<p>En la ceremonia de apertura tambi\u00e9n se cont\u00f3 con la presencia de Quanhai Li, presidente de la World Sailing, quien agradeci\u00f3 todo el apoyo para la realizaci\u00f3n de esta competencia y que la idea es hacer anual en Quintana Roo y adem\u00e1s, poderlo implementar en otros municipios de la entidad.<\/p>\n\n\n\n<p>Tambi\u00e9n estuvieron presentes Juan Pablo de Zulueta, secretario municipal de turismo; Ana Mari Irabien del Consejo de Promoci\u00f3n Tur\u00edstica; Beatriz Gonz\u00e1lez Luna, presidenta de la Federaci\u00f3n Mexicana de Vela; y Ernesto Rivas Butcher, presidente de Sabino Producciones.<\/p>\n","protected":false},"excerpt":{"rendered":"<p>El titular de la CODEQ resalt\u00f3 la importancia de promocionar Quintana Roo como el destino&#8230;<\/p>\n","protected":false},"author":1,"featured_media":20606,"comment_status":"closed","ping_status":"closed","sticky":false,"template":"","format":"standard","meta":{"footnotes":""},"categories":[6],"tags":[],"class_list":["post-20601","post","type-post","status-publish","format-standard","has-post-thumbnail","hentry","category-deportes"],"_links":{"self":[{"href":"https:\/\/xn--huracnpolmicocancnquintanaroo-knc6wmu.com\/index.php?rest_route=\/wp\/v2\/posts\/20601","targetHints":{"allow":["GET"]}}],"collection":[{"href":"https:\/\/xn--huracnpolmicocancnquintanaroo-knc6wmu.com\/index.php?rest_route=\/wp\/v2\/posts"}],"about":[{"href":"https:\/\/xn--huracnpolmicocancnquintanaroo-knc6wmu.com\/index.php?rest_route=\/wp\/v2\/types\/post"}],"author":[{"embeddable":true,"href":"https:\/\/xn--huracnpolmicocancnquintanaroo-knc6wmu.com\/index.php?rest_route=\/wp\/v2\/users\/1"}],"replies":[{"embeddable":true,"href":"https:\/\/xn--huracnpolmicocancnquintanaroo-knc6wmu.com\/index.php?rest_route=%2Fwp%2Fv2%2Fcomments&post=20601"}],"version-history":[{"count":1,"href":"https:\/\/xn--huracnpolmicocancnquintanaroo-knc6wmu.com\/index.php?rest_route=\/wp\/v2\/posts\/20601\/revisions"}],"predecessor-version":[{"id":20607,"href":"https:\/\/xn--huracnpolmicocancnquintanaroo-knc6wmu.com\/index.php?rest_route=\/wp\/v2\/posts\/20601\/revisions\/20607"}],"wp:featuredmedia":[{"embeddable":true,"href":"https:\/\/xn--huracnpolmicocancnquintanaroo-knc6wmu.com\/index.php?rest_route=\/wp\/v2\/media\/20606"}],"wp:attachment":[{"href":"https:\/\/xn--huracnpolmicocancnquintanaroo-knc6wmu.com\/index.php?rest_route=%2Fwp%2Fv2%2Fmedia&parent=20601"}],"wp:term":[{"taxonomy":"category","embeddable":true,"href":"https:\/\/xn--huracnpolmicocancnquintanaroo-knc6wmu.com\/index.php?rest_route=%2Fwp%2Fv2%2Fcategories&post=20601"},{"taxonomy":"post_tag","embeddable":true,"href":"https:\/\/xn--huracnpolmicocancnquintanaroo-knc6wmu.com\/index.php?rest_route=%2Fwp%2Fv2%2Ftags&post=20601"}],"curies":[{"name":"wp","href":"https:\/\/api.w.org\/{rel}","templated":true}]}}