{"id":20636,"date":"2024-01-22T11:20:12","date_gmt":"2024-01-22T16:20:12","guid":{"rendered":"https:\/\/xn--huracnpolmicocancnquintanaroo-knc6wmu.com\/?p=20636"},"modified":"2024-01-22T16:20:14","modified_gmt":"2024-01-22T16:20:14","slug":"convocan-a-quintanarroense-a-la-preseleccion-nacional-de-tiro-con-arco","status":"publish","type":"post","link":"https:\/\/xn--huracnpolmicocancnquintanaroo-knc6wmu.com\/?p=20636","title":{"rendered":"Convocan a quintanarroense a la Preselecci\u00f3n Nacional de Tiro con Arco"},"content":{"rendered":"<h4>Sa\u00fal Pech destac\u00f3 en el proceso selectivo en Ciudad de M\u00e9xico, donde tambi\u00e9n compitieron los quintanarroense Ana Laura V\u00e1zquez y H\u00e9ctor Eduardo Sansores<\/p>\n<p>Tres atletas quintanarroenses mostraron su calidad durante su participaci\u00f3n en el Proceso Selectivo Nacional 2024 de tiro con arco, celebrado en el Centro Nacional de Alto Rendimiento (CNAR) en la Ciudad de M\u00e9xico y en donde resalt\u00f3 el chetumale\u00f1o Sa\u00fal Jared Pech Chi, al finalizar dentro de la Preselecci\u00f3n Mexicana de la especialidad.<\/h4>\n<p>Respaldados por la Comisi\u00f3n del Deporte de Quintana Roo (CODEQ), presidida por Eric Arcila Arjona, los atletas Sa\u00fal Pech, Ana Laura V\u00e1zquez Saucedo y H\u00e9ctor Eduardo Sansores Cuevas hicieron el viaje para representar a Quintana Roo y seguir sumando experiencia para ser considerados en futuras competencias de talla internacional.<\/p>\n<p>Tal como lo marca el Nuevo Acuerdo por el Bienestar y Desarrollo, que promueve la gobernadora Mara Lezama, se trabaja #ANivelDeCancha para impulsar el talento deportivo de la entidad y en ese sentido, los arqueros quintanarroenses compitieron en un certamen que tuvo una duraci\u00f3n de tres d\u00edas y que les sirvi\u00f3 para toparse con lo mejor de su disciplina en el pa\u00eds, adem\u00e1s, que son parte de los clasificatorios para conformar el equipo que buscar\u00e1 llegar a los Juegos Ol\u00edmpicos de Paris 2024.<\/p>\n<p>Pasando a los resultados, el joven chetumale\u00f1o Sa\u00fal Jared Pech, tuvo una intensa competencia y al final concluy\u00f3 en el segundo puesto general sumando un total de 93 unidades, lo que le vali\u00f3 para culminar entre los cinco mejores del pa\u00eds y con ello lograr su convocatoria con la Preselecci\u00f3n Mexicana de este deporte.<\/p>\n<p>Sa\u00fal, ahora se mantendr\u00e1 atento para ser llamado para entrenar y competir con el equipo mexicano, como parte del proceso de conformaci\u00f3n final de selectivo nacional.<\/p>\n<p>Tambi\u00e9n participaron los quintanarroenses Ana Laura V\u00e1zquez y H\u00e9ctor Eduardo Sansores, quienes tuvieron una destacada pelea por la clasificaci\u00f3n, lamentablemente, quedaron fuera del Top-5; en el caso de Ana cerr\u00f3 en el s\u00e9ptimo puesto; mientras que Eduardo finaliz\u00f3 en el sexto sitio.<\/p>\n<p>Los arqueros quintanarroenses fueron acompa\u00f1ados de sus entrenadores Sa\u00fal Pech Herrera, Rafael V\u00e1zquez Cetina y Joan Jes\u00fas Chuc Canch\u00e9.<\/p>\n","protected":false},"excerpt":{"rendered":"<p>Sa\u00fal Pech destac\u00f3 en el proceso selectivo en Ciudad de M\u00e9xico, donde tambi\u00e9n compitieron los&#8230;<\/p>\n","protected":false},"author":1,"featured_media":20638,"comment_status":"open","ping_status":"closed","sticky":false,"template":"","format":"standard","meta":{"footnotes":""},"categories":[6],"tags":[],"class_list":["post-20636","post","type-post","status-publish","format-standard","has-post-thumbnail","hentry","category-deportes"],"_links":{"self":[{"href":"https:\/\/xn--huracnpolmicocancnquintanaroo-knc6wmu.com\/index.php?rest_route=\/wp\/v2\/posts\/20636","targetHints":{"allow":["GET"]}}],"collection":[{"href":"https:\/\/xn--huracnpolmicocancnquintanaroo-knc6wmu.com\/index.php?rest_route=\/wp\/v2\/posts"}],"about":[{"href":"https:\/\/xn--huracnpolmicocancnquintanaroo-knc6wmu.com\/index.php?rest_route=\/wp\/v2\/types\/post"}],"author":[{"embeddable":true,"href":"https:\/\/xn--huracnpolmicocancnquintanaroo-knc6wmu.com\/index.php?rest_route=\/wp\/v2\/users\/1"}],"replies":[{"embeddable":true,"href":"https:\/\/xn--huracnpolmicocancnquintanaroo-knc6wmu.com\/index.php?rest_route=%2Fwp%2Fv2%2Fcomments&post=20636"}],"version-history":[{"count":1,"href":"https:\/\/xn--huracnpolmicocancnquintanaroo-knc6wmu.com\/index.php?rest_route=\/wp\/v2\/posts\/20636\/revisions"}],"predecessor-version":[{"id":20637,"href":"https:\/\/xn--huracnpolmicocancnquintanaroo-knc6wmu.com\/index.php?rest_route=\/wp\/v2\/posts\/20636\/revisions\/20637"}],"wp:featuredmedia":[{"embeddable":true,"href":"https:\/\/xn--huracnpolmicocancnquintanaroo-knc6wmu.com\/index.php?rest_route=\/wp\/v2\/media\/20638"}],"wp:attachment":[{"href":"https:\/\/xn--huracnpolmicocancnquintanaroo-knc6wmu.com\/index.php?rest_route=%2Fwp%2Fv2%2Fmedia&parent=20636"}],"wp:term":[{"taxonomy":"category","embeddable":true,"href":"https:\/\/xn--huracnpolmicocancnquintanaroo-knc6wmu.com\/index.php?rest_route=%2Fwp%2Fv2%2Fcategories&post=20636"},{"taxonomy":"post_tag","embeddable":true,"href":"https:\/\/xn--huracnpolmicocancnquintanaroo-knc6wmu.com\/index.php?rest_route=%2Fwp%2Fv2%2Ftags&post=20636"}],"curies":[{"name":"wp","href":"https:\/\/api.w.org\/{rel}","templated":true}]}}