{"id":20729,"date":"2024-01-27T11:32:09","date_gmt":"2024-01-27T16:32:09","guid":{"rendered":"https:\/\/xn--huracnpolmicocancnquintanaroo-knc6wmu.com\/?p=20729"},"modified":"2024-01-27T16:32:11","modified_gmt":"2024-01-27T16:32:11","slug":"papa-francisco-senala-que-la-logica-del-odio-y-la-violencia-nunca-se-puede-justificar","status":"publish","type":"post","link":"https:\/\/xn--huracnpolmicocancnquintanaroo-knc6wmu.com\/?p=20729","title":{"rendered":"Papa Francisco se\u00f1ala que \u201cla l\u00f3gica del odio y la violencia nunca se puede justificar\u201d"},"content":{"rendered":"<p>El papa Francisco asegur\u00f3 que \u201cla l\u00f3gica del odio y la violencia nunca se puede justificar\u201d, con motivo del D\u00eda Internacional de Conmemoraci\u00f3n de las V\u00edctimas del Holocausto, que se celebra este s\u00e1bado.<\/p>\n<p>\u201cQue el recuerdo y la condena del horrible exterminio de millones de personas hebreas y de otras confesiones, acaecido el siglo pasado, nos ayude a todos a no olvidar que la l\u00f3gica del odio y la violencia nunca se puede justificar, porque niega nuestra propia humanidad\u201d, dijo.<\/p>\n<p>Su mensaje, publicado en la cuenta del pont\u00edfice en la red social X, iba acompa\u00f1ado del hastag \u201cWe Remember\u201d (Nosotros recordamos) con motivo de la Jornada de la Memoria que se celebra cada 27 de enero, el d\u00eda que las tropas aliadas entraron en el campo de exterminio de Auschwitz.<\/p>\n<p>Tambi\u00e9n la primera ministra italiana, Giorgia Meloni, quiso recordar \u201cel horror de la Shoah\u201d, con el que \u201cla humanidad ha tocado su abismo\u201d y dijo que ahora la comunidad jud\u00eda atraviesa \u201cd\u00edas particularmente dif\u00edciles\u201d.<\/p>\n<p>\u201cEl feroz ataque de Ham\u00e1s del 7 de octubre ha desatado una nueva ola de odio contra el pueblo israel\u00ed y ha reavivado los focos de antisemitismo que nunca se hab\u00edan extinguido del todo y que han cobrado nuevo vigor, muy a menudo ocultos tras las cr\u00edticas a las decisiones del Gobierno israel\u00ed\u201d, dijo.<\/p>\n<p>Meloni a\u00f1adi\u00f3 que \u201cel antisemitismo es una plaga que hay que erradicar\u201d, algo que es \u201cuna prioridad\u201d de su Gobierno, que ha nombrado a un Coordinador Nacional para la lucha contra el antisemitismo y aprobado una ley para crear \u201cel Museo de la Shoah\u201d.<\/p>\n<p>\u201cEn Roma est\u00e1 presente la comunidad jud\u00eda m\u00e1s antigua de Europa y la Ciudad Eterna no pod\u00eda dejar de acoger una instituci\u00f3n muse\u00edstica\u201d as\u00ed, \u201cque se ocupar\u00e1 de transmitir la memoria de la Shoah y contribuir\u00e1 de manera decisiva a que la maldad del plan criminal nazi-fascista y la verg\u00fcenza de las leyes raciales de 1938 no caigan en el olvido\u201d.<\/p>\n<p>Este a\u00f1o se cumple el 79 aniversario de la liberaci\u00f3n del campo de concentraci\u00f3n de Auschwitz-Birkenau y se conmemora a los seis millones de mujeres, varones y ni\u00f1os jud\u00edos, as\u00ed como a todas las dem\u00e1s v\u00edctimas, entre ellas cientos de miles de gitanos, asesinados durante el Holocausto.<\/p>\n","protected":false},"excerpt":{"rendered":"<p>El papa Francisco asegur\u00f3 que \u201cla l\u00f3gica del odio y la violencia nunca se puede&#8230;<\/p>\n","protected":false},"author":1,"featured_media":20731,"comment_status":"open","ping_status":"closed","sticky":false,"template":"","format":"standard","meta":{"footnotes":""},"categories":[11],"tags":[],"class_list":["post-20729","post","type-post","status-publish","format-standard","has-post-thumbnail","hentry","category-internacional"],"_links":{"self":[{"href":"https:\/\/xn--huracnpolmicocancnquintanaroo-knc6wmu.com\/index.php?rest_route=\/wp\/v2\/posts\/20729","targetHints":{"allow":["GET"]}}],"collection":[{"href":"https:\/\/xn--huracnpolmicocancnquintanaroo-knc6wmu.com\/index.php?rest_route=\/wp\/v2\/posts"}],"about":[{"href":"https:\/\/xn--huracnpolmicocancnquintanaroo-knc6wmu.com\/index.php?rest_route=\/wp\/v2\/types\/post"}],"author":[{"embeddable":true,"href":"https:\/\/xn--huracnpolmicocancnquintanaroo-knc6wmu.com\/index.php?rest_route=\/wp\/v2\/users\/1"}],"replies":[{"embeddable":true,"href":"https:\/\/xn--huracnpolmicocancnquintanaroo-knc6wmu.com\/index.php?rest_route=%2Fwp%2Fv2%2Fcomments&post=20729"}],"version-history":[{"count":1,"href":"https:\/\/xn--huracnpolmicocancnquintanaroo-knc6wmu.com\/index.php?rest_route=\/wp\/v2\/posts\/20729\/revisions"}],"predecessor-version":[{"id":20730,"href":"https:\/\/xn--huracnpolmicocancnquintanaroo-knc6wmu.com\/index.php?rest_route=\/wp\/v2\/posts\/20729\/revisions\/20730"}],"wp:featuredmedia":[{"embeddable":true,"href":"https:\/\/xn--huracnpolmicocancnquintanaroo-knc6wmu.com\/index.php?rest_route=\/wp\/v2\/media\/20731"}],"wp:attachment":[{"href":"https:\/\/xn--huracnpolmicocancnquintanaroo-knc6wmu.com\/index.php?rest_route=%2Fwp%2Fv2%2Fmedia&parent=20729"}],"wp:term":[{"taxonomy":"category","embeddable":true,"href":"https:\/\/xn--huracnpolmicocancnquintanaroo-knc6wmu.com\/index.php?rest_route=%2Fwp%2Fv2%2Fcategories&post=20729"},{"taxonomy":"post_tag","embeddable":true,"href":"https:\/\/xn--huracnpolmicocancnquintanaroo-knc6wmu.com\/index.php?rest_route=%2Fwp%2Fv2%2Ftags&post=20729"}],"curies":[{"name":"wp","href":"https:\/\/api.w.org\/{rel}","templated":true}]}}