{"id":20777,"date":"2024-01-31T11:29:14","date_gmt":"2024-01-31T16:29:14","guid":{"rendered":"https:\/\/xn--huracnpolmicocancnquintanaroo-knc6wmu.com\/?p=20777"},"modified":"2024-01-31T16:29:15","modified_gmt":"2024-01-31T16:29:15","slug":"papa-francisco-pide-que-el-grito-de-victimas-de-la-guerra-toque-corazon-de-gobernantes","status":"publish","type":"post","link":"https:\/\/xn--huracnpolmicocancnquintanaroo-knc6wmu.com\/?p=20777","title":{"rendered":"Papa Francisco pide que el grito de v\u00edctimas de la guerra toque coraz\u00f3n de gobernantes"},"content":{"rendered":"<p>El papa Francisco pidi\u00f3 hoy que \u201cel grito de dolor de las v\u00edctimas de las guerras\u201c, como las de Oriente Medio y Ucrania, \u201ctoque el coraz\u00f3n de los responsables de las naciones y suscite proyectos de paz\u201d, durante la audiencia general celebrada en el aula Pablo VI.<\/p>\n<p>Francisco record\u00f3 al final de la audiencia que este jueves se celebra en Italia la Jornada Nacional de las V\u00edctimas Civiles de Guerra y afirm\u00f3 que \u201cal recuerdo por los ca\u00eddos en las dos guerras mundiales, asociamos ahora tambi\u00e9n a los muchos, demasiados, civiles, v\u00edctimas desarmadas de las guerras que por desgracia siguen ensangrentando nuestro planeta, como en Oriente Medio y en Ucrania\u201d.<\/p>\n<p>Que su grito de dolor toque el coraz\u00f3n de los responsables de las naciones y suscite proyectos de paz\u201d, pidi\u00f3.<\/p>\n<p>Francisco no ha dejado de pedir la paz en Gaza y Ucrania en todas sus apariciones p\u00fablicas, y tras el rezo del \u00e1ngelus del pasado domingo reiter\u00f3 su llamado a la comunidad internacional para que \u201cpor favor se escuche el grito de paz\u201d de las v\u00edctimas de todos los conflictos que existen en el mundo y \u201cse detenga la guerra\u201d.<\/p>\n<p>\u201cQue en Oriente Medio, Palestina, Israel, en todos los lugares donde se combate se respete a la poblaci\u00f3n\u201d, destac\u00f3 el papa Francisco en el \u00e1ngelus y agreg\u00f3 que tambi\u00e9n se escuche el grito de la gente de Ucrania \u201cque est\u00e1 cansada de la violencia y quiere que se detenga la guerra que es un desastre para los pueblos y una derrota a la humanidad\u201d.<\/p>\n","protected":false},"excerpt":{"rendered":"<p>El papa Francisco pidi\u00f3 hoy que \u201cel grito de dolor de las v\u00edctimas de las&#8230;<\/p>\n","protected":false},"author":1,"featured_media":20779,"comment_status":"open","ping_status":"closed","sticky":false,"template":"","format":"standard","meta":{"footnotes":""},"categories":[11],"tags":[],"class_list":["post-20777","post","type-post","status-publish","format-standard","has-post-thumbnail","hentry","category-internacional"],"_links":{"self":[{"href":"https:\/\/xn--huracnpolmicocancnquintanaroo-knc6wmu.com\/index.php?rest_route=\/wp\/v2\/posts\/20777","targetHints":{"allow":["GET"]}}],"collection":[{"href":"https:\/\/xn--huracnpolmicocancnquintanaroo-knc6wmu.com\/index.php?rest_route=\/wp\/v2\/posts"}],"about":[{"href":"https:\/\/xn--huracnpolmicocancnquintanaroo-knc6wmu.com\/index.php?rest_route=\/wp\/v2\/types\/post"}],"author":[{"embeddable":true,"href":"https:\/\/xn--huracnpolmicocancnquintanaroo-knc6wmu.com\/index.php?rest_route=\/wp\/v2\/users\/1"}],"replies":[{"embeddable":true,"href":"https:\/\/xn--huracnpolmicocancnquintanaroo-knc6wmu.com\/index.php?rest_route=%2Fwp%2Fv2%2Fcomments&post=20777"}],"version-history":[{"count":1,"href":"https:\/\/xn--huracnpolmicocancnquintanaroo-knc6wmu.com\/index.php?rest_route=\/wp\/v2\/posts\/20777\/revisions"}],"predecessor-version":[{"id":20778,"href":"https:\/\/xn--huracnpolmicocancnquintanaroo-knc6wmu.com\/index.php?rest_route=\/wp\/v2\/posts\/20777\/revisions\/20778"}],"wp:featuredmedia":[{"embeddable":true,"href":"https:\/\/xn--huracnpolmicocancnquintanaroo-knc6wmu.com\/index.php?rest_route=\/wp\/v2\/media\/20779"}],"wp:attachment":[{"href":"https:\/\/xn--huracnpolmicocancnquintanaroo-knc6wmu.com\/index.php?rest_route=%2Fwp%2Fv2%2Fmedia&parent=20777"}],"wp:term":[{"taxonomy":"category","embeddable":true,"href":"https:\/\/xn--huracnpolmicocancnquintanaroo-knc6wmu.com\/index.php?rest_route=%2Fwp%2Fv2%2Fcategories&post=20777"},{"taxonomy":"post_tag","embeddable":true,"href":"https:\/\/xn--huracnpolmicocancnquintanaroo-knc6wmu.com\/index.php?rest_route=%2Fwp%2Fv2%2Ftags&post=20777"}],"curies":[{"name":"wp","href":"https:\/\/api.w.org\/{rel}","templated":true}]}}