{"id":20892,"date":"2024-02-07T10:31:25","date_gmt":"2024-02-07T15:31:25","guid":{"rendered":"https:\/\/xn--huracnpolmicocancnquintanaroo-knc6wmu.com\/?p=20892"},"modified":"2024-02-07T15:31:26","modified_gmt":"2024-02-07T15:31:26","slug":"muere-virginia-lopez-famosa-cantante-de-bolero-conocida-por-el-tema-carinito-azucarado","status":"publish","type":"post","link":"https:\/\/xn--huracnpolmicocancnquintanaroo-knc6wmu.com\/?p=20892","title":{"rendered":"Muere Virginia L\u00f3pez, famosa cantante de bolero conocida por el tema \u201cCari\u00f1ito Azucarado\u201d"},"content":{"rendered":"<p>La Asociaci\u00f3n Nacional de Int\u00e9rpretes (ANDI) confirm\u00f3 el fallecimiento de la cantante Virginia L\u00f3pez, conocida de manera internacional por el tema \u201cCari\u00f1ito Azucarado\u201d.<\/p>\n<p><img loading=\"lazy\" decoding=\"async\" class=\"alignnone size-full wp-image-41947\" src=\"https:\/\/xn--huracnpolmicocancnquintanaroo-knc6wmu.com\/wp-content\/uploads\/2024\/02\/GFs238KXUAAD6-c.jpg\" alt=\"\" width=\"193\" height=\"261\" \/><\/p>\n<p>La cantante, que se hiciera famosa en los a\u00f1os 50 en M\u00e9xico con temas como \u201cTe odio y te quiero\u201d, \u201cYa la Pagar\u00e1s\u201d o \u201cAzul pintado de azul\u201d, podr\u00eda haber fallecido desde el pasado 3 de febrero.<\/p>\n<p>&nbsp;<\/p>\n<p>Partida de Virginia L\u00f3pez<\/p>\n<p>La ANDI comunic\u00f3 el sensible fallecimiento de la cantante y sus condolencias a familiares y amigos.<\/p>\n<p>&nbsp;<\/p>\n<p>\u201c@ANDIMexico comunica el sensible fallecimiento de la socia int\u00e9rprete Virginia L\u00f3pez. Cantante de boleros que se hizo popular en M\u00e9xico por temas como \u201cCari\u00f1ito azucarado\u201d y \u201cTe odio y te quiero\u201d. A sus familiares y amigos les mandamos nuestras m\u00e1s sentidas condolencias\u201d. @ANDIMexico, X.<\/p>\n<p>&nbsp;<\/p>\n<p>Aunque ahora fue confirmado su fallecimiento por la ANDI, el pasado 3 de febrero habr\u00eda sido el Instituto Bolero de M\u00e9xico quien lo habr\u00eda compartido a trav\u00e9s de sus redes sociales.<\/p>\n<p>&nbsp;<\/p>\n<p>\u201cEl Instituto Bolero M\u00e9xico se une al sensible luto por el fallecimiento de la maestra Virginia L\u00f3pez. Nacida el 29 de noviembre en Brooklyn, NY, y cuya interpretaci\u00f3n y talento \u00fanico quedar\u00e1 en nuestros corazones\u201d. @BoleroMX, X.<\/p>\n<p>&nbsp;<\/p>\n<p>La famosa cantante naci\u00f3 en Brooklyn, Estados Unidos un 29 de noviembre entre una familia latina de origen puertorrique\u00f1o donde expuso su talento musical desde la temprana edad de cinco a\u00f1os.<\/p>\n<p>&nbsp;<\/p>\n<p>Virginia L\u00f3pez se adentr\u00f3 al mundo de la m\u00fasica en la d\u00e9cada de los a\u00f1os 50 cuando grab\u00f3 con Luis Lija, sin embargo, su verdadero debut profesional fue cuando cant\u00f3 a d\u00fao en el escenario junto a Chango Alvarado conocido como el Dueto L\u00f3pez Rodr\u00edguez.<\/p>\n<p>&nbsp;<\/p>\n<p>Sus primeros \u00e9xitos internacionales fueron \u201cCari\u00f1ito Azucarado\u201d y \u201cTan Lejos\u201d, temas que la posicionaron entre las canciones favoritas del p\u00fablico mexicano sobre todo a mediados de la d\u00e9cada.<\/p>\n","protected":false},"excerpt":{"rendered":"<p>La Asociaci\u00f3n Nacional de Int\u00e9rpretes (ANDI) confirm\u00f3 el fallecimiento de la cantante Virginia L\u00f3pez, conocida&#8230;<\/p>\n","protected":false},"author":1,"featured_media":20894,"comment_status":"open","ping_status":"closed","sticky":false,"template":"","format":"standard","meta":{"footnotes":""},"categories":[9],"tags":[],"class_list":["post-20892","post","type-post","status-publish","format-standard","has-post-thumbnail","hentry","category-espectaculos"],"_links":{"self":[{"href":"https:\/\/xn--huracnpolmicocancnquintanaroo-knc6wmu.com\/index.php?rest_route=\/wp\/v2\/posts\/20892","targetHints":{"allow":["GET"]}}],"collection":[{"href":"https:\/\/xn--huracnpolmicocancnquintanaroo-knc6wmu.com\/index.php?rest_route=\/wp\/v2\/posts"}],"about":[{"href":"https:\/\/xn--huracnpolmicocancnquintanaroo-knc6wmu.com\/index.php?rest_route=\/wp\/v2\/types\/post"}],"author":[{"embeddable":true,"href":"https:\/\/xn--huracnpolmicocancnquintanaroo-knc6wmu.com\/index.php?rest_route=\/wp\/v2\/users\/1"}],"replies":[{"embeddable":true,"href":"https:\/\/xn--huracnpolmicocancnquintanaroo-knc6wmu.com\/index.php?rest_route=%2Fwp%2Fv2%2Fcomments&post=20892"}],"version-history":[{"count":1,"href":"https:\/\/xn--huracnpolmicocancnquintanaroo-knc6wmu.com\/index.php?rest_route=\/wp\/v2\/posts\/20892\/revisions"}],"predecessor-version":[{"id":20893,"href":"https:\/\/xn--huracnpolmicocancnquintanaroo-knc6wmu.com\/index.php?rest_route=\/wp\/v2\/posts\/20892\/revisions\/20893"}],"wp:featuredmedia":[{"embeddable":true,"href":"https:\/\/xn--huracnpolmicocancnquintanaroo-knc6wmu.com\/index.php?rest_route=\/wp\/v2\/media\/20894"}],"wp:attachment":[{"href":"https:\/\/xn--huracnpolmicocancnquintanaroo-knc6wmu.com\/index.php?rest_route=%2Fwp%2Fv2%2Fmedia&parent=20892"}],"wp:term":[{"taxonomy":"category","embeddable":true,"href":"https:\/\/xn--huracnpolmicocancnquintanaroo-knc6wmu.com\/index.php?rest_route=%2Fwp%2Fv2%2Fcategories&post=20892"},{"taxonomy":"post_tag","embeddable":true,"href":"https:\/\/xn--huracnpolmicocancnquintanaroo-knc6wmu.com\/index.php?rest_route=%2Fwp%2Fv2%2Ftags&post=20892"}],"curies":[{"name":"wp","href":"https:\/\/api.w.org\/{rel}","templated":true}]}}