{"id":20905,"date":"2024-02-08T08:58:31","date_gmt":"2024-02-08T13:58:31","guid":{"rendered":"https:\/\/xn--huracnpolmicocancnquintanaroo-knc6wmu.com\/?p=20905"},"modified":"2024-02-08T13:58:32","modified_gmt":"2024-02-08T13:58:32","slug":"el-milan-penso-en-contratar-a-novak-djokovic","status":"publish","type":"post","link":"https:\/\/xn--huracnpolmicocancnquintanaroo-knc6wmu.com\/?p=20905","title":{"rendered":"El Milan pens\u00f3 en contratar a Novak Djokovic"},"content":{"rendered":"<p>No es ning\u00fan misterio que el tenista serbio Novak Djokovic (1\u00b0) posee una fortaleza emocional digna de admirar, que lo ayud\u00f3 a superar obst\u00e1culos de gran dificultad durante su carrera para erigirse como uno de los mejores de todos los tiempos y despertar el inter\u00e9s del Mil\u00e1n, hist\u00f3rico club italiano de f\u00fatbol que consider\u00f3 en contratarlo como entrenador mental, seg\u00fan asegur\u00f3 el medio La Reppublica.<\/p>\n<p>&nbsp;<\/p>\n<p>A trav\u00e9s de su due\u00f1o mayoritario, el empresario estadounidense Gerry Cardinale, el &#8220;Rossonero&#8221;, 19 veces campe\u00f3n en Serie A y siete en UEFA Champions League, pens\u00f3 hace tres meses en emplear los servicios del diestro, nacido en Belgrado hace 36 a\u00f1os, reconocido fan\u00e1tico del popular equipo, quien podr\u00eda motivar a aquellos jugadores que atravesaran un momento complicado.<\/p>\n<p>&nbsp;<\/p>\n<p>&#8220;Soy un gran fan del Milan y siempre lo ser\u00e9. El f\u00fatbol solo viene despu\u00e9s del tenis para m\u00ed. Mi padre fue futbolista profesional y en casa siempre miramos los partidos del equipo&#8221;, hab\u00eda expresado en 2014 el pupilo del croata Goran Ivanisevic, que mantiene una cercana relaci\u00f3n con el norteamericano, fundador del fondo RedBird Capital, quien adquiri\u00f3 el cuadro por 1.200 millones de euros en 2022.<\/p>\n<p>&nbsp;<\/p>\n<p>Cabe recordar que el Milan, que finalmente no le acerc\u00f3 un ofrecimiento formal a Djokovic, hab\u00eda fichado al ya retirado delantero sueco Zlatan Ibrahimovic en diciembre pasado como consejero personal, sirviendo como nexo entre el plantel y la directiva.<\/p>\n","protected":false},"excerpt":{"rendered":"<p>No es ning\u00fan misterio que el tenista serbio Novak Djokovic (1\u00b0) posee una fortaleza emocional&#8230;<\/p>\n","protected":false},"author":1,"featured_media":20907,"comment_status":"open","ping_status":"closed","sticky":false,"template":"","format":"standard","meta":{"footnotes":""},"categories":[6],"tags":[],"class_list":["post-20905","post","type-post","status-publish","format-standard","has-post-thumbnail","hentry","category-deportes"],"_links":{"self":[{"href":"https:\/\/xn--huracnpolmicocancnquintanaroo-knc6wmu.com\/index.php?rest_route=\/wp\/v2\/posts\/20905","targetHints":{"allow":["GET"]}}],"collection":[{"href":"https:\/\/xn--huracnpolmicocancnquintanaroo-knc6wmu.com\/index.php?rest_route=\/wp\/v2\/posts"}],"about":[{"href":"https:\/\/xn--huracnpolmicocancnquintanaroo-knc6wmu.com\/index.php?rest_route=\/wp\/v2\/types\/post"}],"author":[{"embeddable":true,"href":"https:\/\/xn--huracnpolmicocancnquintanaroo-knc6wmu.com\/index.php?rest_route=\/wp\/v2\/users\/1"}],"replies":[{"embeddable":true,"href":"https:\/\/xn--huracnpolmicocancnquintanaroo-knc6wmu.com\/index.php?rest_route=%2Fwp%2Fv2%2Fcomments&post=20905"}],"version-history":[{"count":1,"href":"https:\/\/xn--huracnpolmicocancnquintanaroo-knc6wmu.com\/index.php?rest_route=\/wp\/v2\/posts\/20905\/revisions"}],"predecessor-version":[{"id":20906,"href":"https:\/\/xn--huracnpolmicocancnquintanaroo-knc6wmu.com\/index.php?rest_route=\/wp\/v2\/posts\/20905\/revisions\/20906"}],"wp:featuredmedia":[{"embeddable":true,"href":"https:\/\/xn--huracnpolmicocancnquintanaroo-knc6wmu.com\/index.php?rest_route=\/wp\/v2\/media\/20907"}],"wp:attachment":[{"href":"https:\/\/xn--huracnpolmicocancnquintanaroo-knc6wmu.com\/index.php?rest_route=%2Fwp%2Fv2%2Fmedia&parent=20905"}],"wp:term":[{"taxonomy":"category","embeddable":true,"href":"https:\/\/xn--huracnpolmicocancnquintanaroo-knc6wmu.com\/index.php?rest_route=%2Fwp%2Fv2%2Fcategories&post=20905"},{"taxonomy":"post_tag","embeddable":true,"href":"https:\/\/xn--huracnpolmicocancnquintanaroo-knc6wmu.com\/index.php?rest_route=%2Fwp%2Fv2%2Ftags&post=20905"}],"curies":[{"name":"wp","href":"https:\/\/api.w.org\/{rel}","templated":true}]}}