{"id":20910,"date":"2024-02-08T11:47:29","date_gmt":"2024-02-08T16:47:29","guid":{"rendered":"https:\/\/xn--huracnpolmicocancnquintanaroo-knc6wmu.com\/?p=20910"},"modified":"2024-02-08T16:47:30","modified_gmt":"2024-02-08T16:47:30","slug":"america-ferrera-actriz-de-barbie-debutara-como-directora-en-cine","status":"publish","type":"post","link":"https:\/\/xn--huracnpolmicocancnquintanaroo-knc6wmu.com\/?p=20910","title":{"rendered":"America Ferrera, actriz de &#8220;Barbie&#8221;, debutar\u00e1 como directora en cine"},"content":{"rendered":"<p>La actriz estadounidenses America Ferrera, conocida por su m\u00e1s reciente rol en &#8220;Barbie&#8221;, dirigir\u00e1 su primera pel\u00edcula, una adaptaci\u00f3n del libro &#8220;No soy tu perfecta hija mexicana&#8221;, seg\u00fan informaron este lunes medios especializados.<\/p>\n<p>&nbsp;<\/p>\n<p>El filme est\u00e1 actualmente en desarrollo por parte de la productora Orion Pictures -que forma parte de Amazon MGM Studios- y llevar\u00e1 a la gran pantalla la historia de Julia Reyes, una adolescente de ascendencia mexicana que lucha por encontrar su lugar en el seno de una familia tradicional en Chicago (Illinois).<\/p>\n<p>&nbsp;<\/p>\n<p>El gui\u00f3n de la pel\u00edcula fue escrito por Linda Yvette Ch\u00e1vez, creadora de la serie &#8220;Gentefied&#8221;, que estuvo al aire durante dos temporadas de febrero de 2020 a enero de 2022.<\/p>\n<p>&nbsp;<\/p>\n<p>La pel\u00edcula contar\u00e1 a su vez con la colaboraci\u00f3n de los productores Doreen Wilcox Little (&#8216;Killer Joe&#8217;, &#8216;Mapplethorpe&#8217;) y Charles D. King (&#8216;Judas and the Black Messiah&#8217;).<\/p>\n<p>&nbsp;<\/p>\n<p>Ferrera, nacida en Los \u00c1ngeles pero de padres hondure\u00f1os, obtuvo este a\u00f1o la nominaci\u00f3n a mejor actriz de reparto por su papel en &#8216;Barbie&#8217;, donde interpret\u00f3 al personaje de Gloria, una madre y empleada de Mattel.<\/p>\n<p>&nbsp;<\/p>\n<p>El pasado 14 de enero Ferra obtuvo el premio SeeHer, concedido a mujeres que defiendan la igualdad de g\u00e9nero y desaf\u00eden los estereotipos de la industria en la 29 edici\u00f3n de los Critic Choice Awards.<\/p>\n","protected":false},"excerpt":{"rendered":"<p>La actriz estadounidenses America Ferrera, conocida por su m\u00e1s reciente rol en &#8220;Barbie&#8221;, dirigir\u00e1 su&#8230;<\/p>\n","protected":false},"author":1,"featured_media":20912,"comment_status":"open","ping_status":"closed","sticky":false,"template":"","format":"standard","meta":{"footnotes":""},"categories":[9],"tags":[],"class_list":["post-20910","post","type-post","status-publish","format-standard","has-post-thumbnail","hentry","category-espectaculos"],"_links":{"self":[{"href":"https:\/\/xn--huracnpolmicocancnquintanaroo-knc6wmu.com\/index.php?rest_route=\/wp\/v2\/posts\/20910","targetHints":{"allow":["GET"]}}],"collection":[{"href":"https:\/\/xn--huracnpolmicocancnquintanaroo-knc6wmu.com\/index.php?rest_route=\/wp\/v2\/posts"}],"about":[{"href":"https:\/\/xn--huracnpolmicocancnquintanaroo-knc6wmu.com\/index.php?rest_route=\/wp\/v2\/types\/post"}],"author":[{"embeddable":true,"href":"https:\/\/xn--huracnpolmicocancnquintanaroo-knc6wmu.com\/index.php?rest_route=\/wp\/v2\/users\/1"}],"replies":[{"embeddable":true,"href":"https:\/\/xn--huracnpolmicocancnquintanaroo-knc6wmu.com\/index.php?rest_route=%2Fwp%2Fv2%2Fcomments&post=20910"}],"version-history":[{"count":1,"href":"https:\/\/xn--huracnpolmicocancnquintanaroo-knc6wmu.com\/index.php?rest_route=\/wp\/v2\/posts\/20910\/revisions"}],"predecessor-version":[{"id":20911,"href":"https:\/\/xn--huracnpolmicocancnquintanaroo-knc6wmu.com\/index.php?rest_route=\/wp\/v2\/posts\/20910\/revisions\/20911"}],"wp:featuredmedia":[{"embeddable":true,"href":"https:\/\/xn--huracnpolmicocancnquintanaroo-knc6wmu.com\/index.php?rest_route=\/wp\/v2\/media\/20912"}],"wp:attachment":[{"href":"https:\/\/xn--huracnpolmicocancnquintanaroo-knc6wmu.com\/index.php?rest_route=%2Fwp%2Fv2%2Fmedia&parent=20910"}],"wp:term":[{"taxonomy":"category","embeddable":true,"href":"https:\/\/xn--huracnpolmicocancnquintanaroo-knc6wmu.com\/index.php?rest_route=%2Fwp%2Fv2%2Fcategories&post=20910"},{"taxonomy":"post_tag","embeddable":true,"href":"https:\/\/xn--huracnpolmicocancnquintanaroo-knc6wmu.com\/index.php?rest_route=%2Fwp%2Fv2%2Ftags&post=20910"}],"curies":[{"name":"wp","href":"https:\/\/api.w.org\/{rel}","templated":true}]}}