{"id":20913,"date":"2024-02-08T12:24:09","date_gmt":"2024-02-08T17:24:09","guid":{"rendered":"https:\/\/xn--huracnpolmicocancnquintanaroo-knc6wmu.com\/?p=20913"},"modified":"2024-02-08T17:24:10","modified_gmt":"2024-02-08T17:24:10","slug":"el-principe-william-encabeza-actividades-de-la-familia-real-tras-diagnostico-de-cancer-de-su-padre","status":"publish","type":"post","link":"https:\/\/xn--huracnpolmicocancnquintanaroo-knc6wmu.com\/?p=20913","title":{"rendered":"El Pr\u00edncipe William encabeza actividades de la familia real tras diagn\u00f3stico de c\u00e1ncer de su padre"},"content":{"rendered":"<p>El pr\u00edncipe William, heredero de la corona brit\u00e1nica, retom\u00f3 sus actividades, mientras su padre, el rey Carlos III, se mantiene alejado de la vida p\u00fablica. Tras anunciarse esta semana que padece c\u00e1ncer.<\/p>\n<p>&nbsp;<\/p>\n<p>El primog\u00e9nito del rey, que desapareci\u00f3 de la escena p\u00fablica al decidir acompa\u00f1ar a su esposa Kate Middleton tras la misteriosa operaci\u00f3n abdominal a la que se someti\u00f3 hace tres semanas, asisti\u00f3 el mi\u00e9rcoles por la ma\u00f1ana a un acto en el Castillo de Windsor.<\/p>\n<p>&nbsp;<\/p>\n<p>El pr\u00edncipe William, de 41 a\u00f1os, entreg\u00f3 unas condecoraciones a ciudadanos en reconocimiento a sus acciones comunitarias.<\/p>\n<p>&nbsp;<\/p>\n<p>Durante su vuelta a la vida p\u00fablica, al pr\u00edncipe William le espera una larga jornada. Ya que tambi\u00e9n asistir\u00e1 a una gala ben\u00e9fica en Londres en favor de la London Air Ambulance.<\/p>\n<p>&nbsp;<\/p>\n<p>El retorno del pr\u00edncipe William a sus obligaciones reales coincide con la llegada al Reino Unido de su hermano menor, el pr\u00edncipe Enrique, que viaj\u00f3 desde Estados Unidos, donde vive con su esposa Meghan Markle y sus dos hijos, para visitar a su padre.<\/p>\n<p>&nbsp;<\/p>\n<p>Enrique, de 39 a\u00f1os, se march\u00f3 a California con Meghan en 2020, denunciando, entre otras cosas, la insoportable presi\u00f3n de la prensa sensacionalista brit\u00e1nica. Desde entonces, mantiene tensas relaciones con su hermano y con su padre.<\/p>\n<p>&nbsp;<\/p>\n<p>Sin embargo, el martes, nada m\u00e1s aterrizar en Londres, fue a visitar al monarca.<\/p>\n<p>&nbsp;<\/p>\n<p>La salud de la familia del pr\u00edncipe William<\/p>\n<p>Kate Middleton, de 42 a\u00f1os, que fue operada a mediados de enero, permaneci\u00f3 dos semanas ingresada. Los m\u00e9dicos prescribieron a la princesa de Gales que prescindiera de toda actividad al menos hasta finales de marzo.<\/p>\n<p>&nbsp;<\/p>\n<p>Por su parte, Carlos III, de 75 a\u00f1os, debi\u00f3 afrontar un problema de hipertrofia \u201cbenigna\u201d de pr\u00f3stata, que le oblig\u00f3 a pasar por el quir\u00f3fano el 26 de enero.<\/p>\n<p>&nbsp;<\/p>\n<p>Durante su estancia en el hospital, le diagnosticaron un c\u00e1ncer del que no se dieron detalles. Y que el primer ministro brit\u00e1nico, el conservador Rishi Sunak, afirm\u00f3 el martes a la BBC que fue \u201cdetectado a tiempo\u201d.<\/p>\n<p>&nbsp;<\/p>\n<p>Sunak hizo el mi\u00e9rcoles una breve referencia al c\u00e1ncer del rey en el Parlamento.<\/p>\n<p>&nbsp;<\/p>\n<p>\u201cS\u00e9 que los pensamientos de este Parlamento y de todo el pa\u00eds est\u00e1n con el rey y su familia\u201d, dijo en la C\u00e1mara de los Comunes.<\/p>\n<p>&nbsp;<\/p>\n<p>Un portavoz del primer ministro anunci\u00f3 que la audiencia semanal de Sunak con el rey, que se traslad\u00f3 el martes a su residencia de Sandringham, en el este de Inglaterra, ser\u00e1 por tel\u00e9fono.<\/p>\n","protected":false},"excerpt":{"rendered":"<p>El pr\u00edncipe William, heredero de la corona brit\u00e1nica, retom\u00f3 sus actividades, mientras su padre, el&#8230;<\/p>\n","protected":false},"author":1,"featured_media":0,"comment_status":"open","ping_status":"closed","sticky":false,"template":"","format":"standard","meta":{"footnotes":""},"categories":[11],"tags":[],"class_list":["post-20913","post","type-post","status-publish","format-standard","hentry","category-internacional"],"_links":{"self":[{"href":"https:\/\/xn--huracnpolmicocancnquintanaroo-knc6wmu.com\/index.php?rest_route=\/wp\/v2\/posts\/20913","targetHints":{"allow":["GET"]}}],"collection":[{"href":"https:\/\/xn--huracnpolmicocancnquintanaroo-knc6wmu.com\/index.php?rest_route=\/wp\/v2\/posts"}],"about":[{"href":"https:\/\/xn--huracnpolmicocancnquintanaroo-knc6wmu.com\/index.php?rest_route=\/wp\/v2\/types\/post"}],"author":[{"embeddable":true,"href":"https:\/\/xn--huracnpolmicocancnquintanaroo-knc6wmu.com\/index.php?rest_route=\/wp\/v2\/users\/1"}],"replies":[{"embeddable":true,"href":"https:\/\/xn--huracnpolmicocancnquintanaroo-knc6wmu.com\/index.php?rest_route=%2Fwp%2Fv2%2Fcomments&post=20913"}],"version-history":[{"count":1,"href":"https:\/\/xn--huracnpolmicocancnquintanaroo-knc6wmu.com\/index.php?rest_route=\/wp\/v2\/posts\/20913\/revisions"}],"predecessor-version":[{"id":20914,"href":"https:\/\/xn--huracnpolmicocancnquintanaroo-knc6wmu.com\/index.php?rest_route=\/wp\/v2\/posts\/20913\/revisions\/20914"}],"wp:attachment":[{"href":"https:\/\/xn--huracnpolmicocancnquintanaroo-knc6wmu.com\/index.php?rest_route=%2Fwp%2Fv2%2Fmedia&parent=20913"}],"wp:term":[{"taxonomy":"category","embeddable":true,"href":"https:\/\/xn--huracnpolmicocancnquintanaroo-knc6wmu.com\/index.php?rest_route=%2Fwp%2Fv2%2Fcategories&post=20913"},{"taxonomy":"post_tag","embeddable":true,"href":"https:\/\/xn--huracnpolmicocancnquintanaroo-knc6wmu.com\/index.php?rest_route=%2Fwp%2Fv2%2Ftags&post=20913"}],"curies":[{"name":"wp","href":"https:\/\/api.w.org\/{rel}","templated":true}]}}