{"id":21044,"date":"2024-02-13T09:08:00","date_gmt":"2024-02-13T14:08:00","guid":{"rendered":"https:\/\/xn--huracnpolmicocancnquintanaroo-knc6wmu.com\/?p=21044"},"modified":"2024-02-13T14:08:08","modified_gmt":"2024-02-13T14:08:08","slug":"pesa-a-telmex-pasivo-laboral-carlos-slim","status":"publish","type":"post","link":"https:\/\/xn--huracnpolmicocancnquintanaroo-knc6wmu.com\/?p=21044","title":{"rendered":"Pesa a Telmex pasivo laboral; Carlos Slim"},"content":{"rendered":"<p>Actualmente Tel\u00e9fonos de M\u00e9xico (Telmex) no es rentable porque se encuentra en n\u00fameros rojos debido a su fuerte pasivo laboral y que no le han permitido entrar al mercado de televisi\u00f3n de paga, pese a esto el empresario Carlos Slim Hel\u00fa asegur\u00f3 que no tiene intenciones de venderla.<\/p>\n<p>En conferencia, el presidente de Fundaci\u00f3n Telmex explic\u00f3 que la compra de la telef\u00f3nica en los a\u00f1os 90 estuvo acompa\u00f1ada de la herencia de un pasivo laboral muy alto que no ha permitido que la empresa sea rentable, muestra de ello es que no ha dado dividendos en al menos una d\u00e9cada.<\/p>\n<p>Lo anterior porque el pasivo laboral se ubica en cerca de 270 mil millones de pesos debido a que los trabajadores se comenzaban a jubilar entre los 48 y 53 a\u00f1os, algo que ya se restructur\u00f3, y no se contaba con un fondo de pensiones.<\/p>\n<p>En este \u00faltimo punto la empresa cre\u00f3 un fondo que vale cerca de 160 mil millones de pesos y al que le quitan 20 mil millones para poder hacer viable la supervivencia de Telmex y no se endeude ilimitadamente.<\/p>\n<p>A lo que se suma que la actitud de los trabajadores ha sido positiva y varios han decidido trabajar m\u00e1s a\u00f1os voluntariamente para obtener una prima de retiro mayor.<\/p>\n<p>Slim revel\u00f3 que incluso buscaron ofrecer acciones de Telmex a los empleados que se jubilaban para reducir el pasivo laboral, sin embargo, esto no fue aceptado por el Servicio de Administraci\u00f3n Tributaria (SAT) porque se deb\u00eda pagar un impuesto.<\/p>\n<p>Telmex est\u00e1 en n\u00fameros rojos desde hace como 10 a\u00f1os, no cobramos dividendo y tiene que estar alimentando el fondo de pensiones y hasta el 2040 ya como se alivia todo, nuestro problema es de aqu\u00ed a 2040\u201d, reiter\u00f3 el empresario.<\/p>\n<p>A esto se suma que la telef\u00f3nica est\u00e1 compitiendo \u201ccon un brazo amarrado\u201d porque el gobierno desde la administraci\u00f3n del expresidente Vicente Fox y la autoridad regulatoria no le permite ofrecer servicios de televisi\u00f3n de paga, algo que han logrado compensar con el streaming.<\/p>\n<p>Nos han excluido de dar convergencia a nuestros clientes en los \u00faltimos 20 a\u00f1os, no les podemos dar televisi\u00f3n de paga lo cual impide competencia, afecta al consumidor y es una falla de los gobiernos y del Instituto Federal de Telecomunicaciones\u201d, agreg\u00f3.<\/p>\n<p>Sin olvidar que su competitividad se ve afectada debido a que es considerado como un operador preponderante, aunque Slim considera que no es verdad porque debe separarse el negocio de telefon\u00eda fija donde tiene cerca de 35% de participaci\u00f3n de mercado y en telefon\u00eda fija un monto similar.<\/p>\n<p>Pese a todo lo anterior, el empresario coment\u00f3 que qued\u00f3 con sus hijos en que no vender\u00e1n Telmex y seguir\u00e1n trabajando para que siga creciendo.<\/p>\n<p>Muestra de ello es la inversi\u00f3n en fibra \u00f3ptica, ya que s\u00f3lo el a\u00f1o pasado lleg\u00f3 a 3.8 millones de hogares y este 2024 se concentrar\u00e1n en la transici\u00f3n de usuarios de cobre a fibra.<\/p>\n","protected":false},"excerpt":{"rendered":"<p>Actualmente Tel\u00e9fonos de M\u00e9xico (Telmex) no es rentable porque se encuentra en n\u00fameros rojos debido&#8230;<\/p>\n","protected":false},"author":1,"featured_media":21046,"comment_status":"open","ping_status":"closed","sticky":false,"template":"","format":"standard","meta":{"footnotes":""},"categories":[12],"tags":[],"class_list":["post-21044","post","type-post","status-publish","format-standard","has-post-thumbnail","hentry","category-nacional"],"_links":{"self":[{"href":"https:\/\/xn--huracnpolmicocancnquintanaroo-knc6wmu.com\/index.php?rest_route=\/wp\/v2\/posts\/21044","targetHints":{"allow":["GET"]}}],"collection":[{"href":"https:\/\/xn--huracnpolmicocancnquintanaroo-knc6wmu.com\/index.php?rest_route=\/wp\/v2\/posts"}],"about":[{"href":"https:\/\/xn--huracnpolmicocancnquintanaroo-knc6wmu.com\/index.php?rest_route=\/wp\/v2\/types\/post"}],"author":[{"embeddable":true,"href":"https:\/\/xn--huracnpolmicocancnquintanaroo-knc6wmu.com\/index.php?rest_route=\/wp\/v2\/users\/1"}],"replies":[{"embeddable":true,"href":"https:\/\/xn--huracnpolmicocancnquintanaroo-knc6wmu.com\/index.php?rest_route=%2Fwp%2Fv2%2Fcomments&post=21044"}],"version-history":[{"count":1,"href":"https:\/\/xn--huracnpolmicocancnquintanaroo-knc6wmu.com\/index.php?rest_route=\/wp\/v2\/posts\/21044\/revisions"}],"predecessor-version":[{"id":21045,"href":"https:\/\/xn--huracnpolmicocancnquintanaroo-knc6wmu.com\/index.php?rest_route=\/wp\/v2\/posts\/21044\/revisions\/21045"}],"wp:featuredmedia":[{"embeddable":true,"href":"https:\/\/xn--huracnpolmicocancnquintanaroo-knc6wmu.com\/index.php?rest_route=\/wp\/v2\/media\/21046"}],"wp:attachment":[{"href":"https:\/\/xn--huracnpolmicocancnquintanaroo-knc6wmu.com\/index.php?rest_route=%2Fwp%2Fv2%2Fmedia&parent=21044"}],"wp:term":[{"taxonomy":"category","embeddable":true,"href":"https:\/\/xn--huracnpolmicocancnquintanaroo-knc6wmu.com\/index.php?rest_route=%2Fwp%2Fv2%2Fcategories&post=21044"},{"taxonomy":"post_tag","embeddable":true,"href":"https:\/\/xn--huracnpolmicocancnquintanaroo-knc6wmu.com\/index.php?rest_route=%2Fwp%2Fv2%2Ftags&post=21044"}],"curies":[{"name":"wp","href":"https:\/\/api.w.org\/{rel}","templated":true}]}}