{"id":21082,"date":"2024-02-15T12:44:07","date_gmt":"2024-02-15T17:44:07","guid":{"rendered":"https:\/\/xn--huracnpolmicocancnquintanaroo-knc6wmu.com\/?p=21082"},"modified":"2024-02-15T17:44:10","modified_gmt":"2024-02-15T17:44:10","slug":"eu-arresta-a-menos-migrantes-en-frontera-con-mexico","status":"publish","type":"post","link":"https:\/\/xn--huracnpolmicocancnquintanaroo-knc6wmu.com\/?p=21082","title":{"rendered":"EU arresta a menos migrantes en frontera con M\u00e9xico"},"content":{"rendered":"<p>WASHINGTON.\u2014 El n\u00famero de migrantes interceptados en la frontera entre Estados Unidos y M\u00e9xico se ha reducido a la mitad en enero respecto a diciembre, inform\u00f3 la Oficina de Aduanas y Control Fronterizo (CBP).<\/p>\n<p>En enero pasado, la Patrulla Fronteriza intercept\u00f3 a migrantes y solicitantes de asilo en 124 mil 220 ocasiones.<\/p>\n<p>Esa cifra representa una disminuci\u00f3n del 50% respecto al mes anterior, cuando se registraron 249 mil 785 detenciones, afirm\u00f3 la autoridad estadunidense.<\/p>\n<p>Esta cifra engloba a las personas que se presentaron en los puertos de entrada, incluidas aquellas con citas programadas.<\/p>\n<p>La CBP atribuye este pronunciado descenso a la \u00e9poca del a\u00f1o as\u00ed como a las pol\u00edticas de mano dura contra los extranjeros.<\/p>\n<p>Esto se debe a las tendencias estacionales y a los esfuerzos mejorados de aplicaci\u00f3n de la ley\u201d, reconoci\u00f3 la dependencia.<\/p>\n<p>Desde el 12 de mayo de 2023 hasta finales de enero, el Departamento de Seguridad Interior (DHS) ha expulsado \u201ca m\u00e1s de 520 mil personas, la gran mayor\u00eda de las cuales cruzaron la frontera suroeste (es decir, a la altura de Texas)\u201d.<\/p>\n<p>La mayor\u00eda de las personas interceptadas en la frontera suroeste durante los \u00faltimos tres a\u00f1os han sido deportadas, devueltas o expulsadas\u201d, afirma el comunicado.<\/p>\n<p>La migraci\u00f3n es uno de los temas m\u00e1s relevantes de la campa\u00f1a para las presidenciales de noviembre.<\/p>\n<p>En espec\u00edfico, aument\u00f3 la presi\u00f3n contra el presidente Joe Biden, a quien los republicanos acusan de haber permitido la entrada de un r\u00e9cord de migrantes.<\/p>\n<p>Incluso, la bancada republicana bloqueo un acuerdo fronterizo que impuls\u00f3 Biden y que inclu\u00eda una oferta para cerrar la frontera con nuestro pa\u00eds si los cruces de migrantes sobrepasaban los cinco mil diarios durante una semana u 8 mil 500 en un d\u00eda.<\/p>\n<p>Tal es el conflicto que ayer la C\u00e1mara de Representantes aprob\u00f3 ayer abrir un juicio pol\u00edtico contra el secretario de Seguridad Interior, Alejandro Mayorkas por el manejo del asunto migratorio.<\/p>\n<p>Ante eso, el presidente de M\u00e9xico, Andr\u00e9s Manuel L\u00f3pez Obrador defendi\u00f3 al funcionario.<\/p>\n<p>De manera injusta, pero por cuestiones politiqueras se est\u00e1 queriendo desaforar, enjuiciar a Mayorkas, aprobaron el juicio pol\u00edtico en la C\u00e1mara de Representantes\u201d, dijo el mandatario.<\/p>\n<p>El procedimiento es el primero en 150 a\u00f1os que se entabla contra un alto cargo del gabinete presidencial. El \u00fanico antecedente ocurri\u00f3 en 1876 con el secretario de Guerra, William Belknap.<\/p>\n","protected":false},"excerpt":{"rendered":"<p>WASHINGTON.\u2014 El n\u00famero de migrantes interceptados en la frontera entre Estados Unidos y M\u00e9xico se&#8230;<\/p>\n","protected":false},"author":1,"featured_media":21084,"comment_status":"open","ping_status":"closed","sticky":false,"template":"","format":"standard","meta":{"footnotes":""},"categories":[11],"tags":[],"class_list":["post-21082","post","type-post","status-publish","format-standard","has-post-thumbnail","hentry","category-internacional"],"_links":{"self":[{"href":"https:\/\/xn--huracnpolmicocancnquintanaroo-knc6wmu.com\/index.php?rest_route=\/wp\/v2\/posts\/21082","targetHints":{"allow":["GET"]}}],"collection":[{"href":"https:\/\/xn--huracnpolmicocancnquintanaroo-knc6wmu.com\/index.php?rest_route=\/wp\/v2\/posts"}],"about":[{"href":"https:\/\/xn--huracnpolmicocancnquintanaroo-knc6wmu.com\/index.php?rest_route=\/wp\/v2\/types\/post"}],"author":[{"embeddable":true,"href":"https:\/\/xn--huracnpolmicocancnquintanaroo-knc6wmu.com\/index.php?rest_route=\/wp\/v2\/users\/1"}],"replies":[{"embeddable":true,"href":"https:\/\/xn--huracnpolmicocancnquintanaroo-knc6wmu.com\/index.php?rest_route=%2Fwp%2Fv2%2Fcomments&post=21082"}],"version-history":[{"count":1,"href":"https:\/\/xn--huracnpolmicocancnquintanaroo-knc6wmu.com\/index.php?rest_route=\/wp\/v2\/posts\/21082\/revisions"}],"predecessor-version":[{"id":21083,"href":"https:\/\/xn--huracnpolmicocancnquintanaroo-knc6wmu.com\/index.php?rest_route=\/wp\/v2\/posts\/21082\/revisions\/21083"}],"wp:featuredmedia":[{"embeddable":true,"href":"https:\/\/xn--huracnpolmicocancnquintanaroo-knc6wmu.com\/index.php?rest_route=\/wp\/v2\/media\/21084"}],"wp:attachment":[{"href":"https:\/\/xn--huracnpolmicocancnquintanaroo-knc6wmu.com\/index.php?rest_route=%2Fwp%2Fv2%2Fmedia&parent=21082"}],"wp:term":[{"taxonomy":"category","embeddable":true,"href":"https:\/\/xn--huracnpolmicocancnquintanaroo-knc6wmu.com\/index.php?rest_route=%2Fwp%2Fv2%2Fcategories&post=21082"},{"taxonomy":"post_tag","embeddable":true,"href":"https:\/\/xn--huracnpolmicocancnquintanaroo-knc6wmu.com\/index.php?rest_route=%2Fwp%2Fv2%2Ftags&post=21082"}],"curies":[{"name":"wp","href":"https:\/\/api.w.org\/{rel}","templated":true}]}}